{"id":10049,"date":"2022-04-08T11:28:39","date_gmt":"2022-04-08T09:28:39","guid":{"rendered":"https:\/\/www.constructivealps.net\/?p=10049"},"modified":"2022-10-05T15:30:06","modified_gmt":"2022-10-05T13:30:06","slug":"renovation-et-extension-batiment-polyvalent-flasch","status":"publish","type":"post","link":"https:\/\/www.constructivealps.net\/fr\/renovation-et-extension-batiment-polyvalent-flasch\/","title":{"rendered":"R\u00e9novation et extension b\u00e2timent polyvalent Fl\u00e4sch"},"content":{"rendered":"<p><div class=\"fusion-fullwidth fullwidth-box fusion-builder-row-1 project-head hundred-percent-fullwidth non-hundred-percent-height-scrolling fusion-equal-height-columns\" style=\"background-color: #7eab52;background-position: center center;background-repeat: no-repeat;padding-top:0px;padding-right:0px;padding-bottom:0px;padding-left:0px;margin-bottom: 0px;border-width: 0px 0px 0px 0px;border-color:#eae9e9;border-style:solid;\" ><div class=\"fusion-builder-row fusion-row\"><div class=\"fusion-layout-column fusion_builder_column fusion-builder-column-0 fusion_builder_column_2_3 2_3 fusion-two-third fusion-column-first\" style=\"width:66.666666666667%;width:calc(66.666666666667% - ( ( 0 ) * 0.66666666666667 ) );margin-right: 0px;margin-top:0px;margin-bottom:0px;\"><div class=\"fusion-column-wrapper fusion-flex-column-wrapper-legacy\" style=\"background-position:left top;background-repeat:no-repeat;-webkit-background-size:cover;-moz-background-size:cover;-o-background-size:cover;background-size:cover;background-color:#7eab52;padding: 0px 0px 0px 0px;\"><span class=\" fusion-imageframe imageframe-none imageframe-1 hover-type-none head-img\" style=\"width:100%;max-width:100%;\"><a href=\"https:\/\/www.constructivealps.net\/wp-content\/uploads\/2022\/04\/1klein_cut_Ralph-Feiner-Baukoerper-quer.jpg\" class=\"fusion-lightbox\" data-rel=\"iLightbox[7510ba703cf18490256]\" data-caption=\"Mehrzweckgeb\u00e4ude Fl\u00e4sch \u00a9 Ralph Feiner\" data-title=\"Mehrzweckgeb\u00e4ude Fl\u00e4sch \u00a9 Ralph Feiner\" title=\"Mehrzweckgeb\u00e4ude Fl\u00e4sch \u00a9 Ralph Feiner\"><img width=\"2000\" height=\"1143\" alt=\"Mehrzweckgeb\u00e4ude Fl\u00e4sch \u00a9 Ralph Feiner\" src=\"https:\/\/www.constructivealps.net\/wp-content\/uploads\/2022\/04\/1klein_cut_Ralph-Feiner-Baukoerper-quer.jpg\" class=\"img-responsive wp-image-10013\" srcset=\"https:\/\/www.constructivealps.net\/wp-content\/uploads\/2022\/04\/1klein_cut_Ralph-Feiner-Baukoerper-quer-200x114.jpg 200w, https:\/\/www.constructivealps.net\/wp-content\/uploads\/2022\/04\/1klein_cut_Ralph-Feiner-Baukoerper-quer-400x229.jpg 400w, https:\/\/www.constructivealps.net\/wp-content\/uploads\/2022\/04\/1klein_cut_Ralph-Feiner-Baukoerper-quer-600x343.jpg 600w, https:\/\/www.constructivealps.net\/wp-content\/uploads\/2022\/04\/1klein_cut_Ralph-Feiner-Baukoerper-quer-800x457.jpg 800w, https:\/\/www.constructivealps.net\/wp-content\/uploads\/2022\/04\/1klein_cut_Ralph-Feiner-Baukoerper-quer-1200x686.jpg 1200w, https:\/\/www.constructivealps.net\/wp-content\/uploads\/2022\/04\/1klein_cut_Ralph-Feiner-Baukoerper-quer.jpg 2000w\" sizes=\"(max-width: 1125px) 100vw, 2000px\" \/><\/a><\/span><div class=\"fusion-clearfix\"><\/div><\/div><\/div><div class=\"fusion-layout-column fusion_builder_column fusion-builder-column-1 fusion_builder_column_1_3 1_3 fusion-one-third fusion-column-last rating-box fusion-column-no-min-height\" style=\"width:33.333333333333%;width:calc(33.333333333333% - ( ( 0 ) * 0.33333333333333 ) );margin-top:0px;margin-bottom:0px;\"><div class=\"fusion-column-wrapper fusion-flex-column-wrapper-legacy\" style=\"background-position:left top;background-repeat:no-repeat;-webkit-background-size:cover;-moz-background-size:cover;-o-background-size:cover;background-size:cover;background-color:#7eab52;padding: 2vh 0px 2vh 0px;\"><div class=\"fusion-column-content-centered\"><div class=\"fusion-column-content\"><span class=\" fusion-imageframe imageframe-none imageframe-2 hover-type-none\"><img width=\"190\" height=\"210\" title=\"Button-Recognition\" src=\"https:\/\/www.constructivealps.net\/wp-content\/uploads\/2020\/11\/Button-Recognition.png\" class=\"img-responsive wp-image-8223\"\/><\/span><\/div><\/div><div class=\"fusion-clearfix\"><\/div><\/div><\/div><\/div><\/div><div class=\"fusion-fullwidth fullwidth-box fusion-builder-row-2 nonhundred-percent-fullwidth non-hundred-percent-height-scrolling\" style=\"background-color: rgba(255,255,255,0.9);background-position: center center;background-repeat: no-repeat;padding-top:0px;padding-right:0px;padding-bottom:0px;padding-left:0px;margin-bottom: 0px;margin-top: 0px;border-width: 0px 0px 0px 0px;border-color:#eae9e9;border-style:solid;\" ><div class=\"fusion-builder-row fusion-row\"><div class=\"fusion-layout-column fusion_builder_column fusion-builder-column-2 fusion_builder_column_1_1 1_1 fusion-one-full fusion-column-first fusion-column-last\" style=\"margin-top:0px;margin-bottom:0px;\"><div class=\"fusion-column-wrapper fusion-flex-column-wrapper-legacy\" style=\"background-position:left top;background-repeat:no-repeat;-webkit-background-size:cover;-moz-background-size:cover;-o-background-size:cover;background-size:cover;padding: 3vh 3% 0px 3%;\"><style type=\"text\/css\">@media only screen and (max-width:800px) {.fusion-title.fusion-title-1{margin-top:0px!important;margin-bottom:0px!important;}}<\/style><div class=\"fusion-title title fusion-title-1 fusion-sep-none fusion-title-text fusion-title-size-two\" style=\"margin-top:0px;margin-right:0px;margin-bottom:0px;margin-left:0px;\"><h2 class=\"title-heading-left\" style=\"margin:0;\">R\u00e9novation et extension b\u00e2timent polyvalent Fl\u00e4sch<\/h2><\/div><div class=\"fusion-clearfix\"><\/div><\/div><\/div><\/div><\/div><div class=\"fusion-fullwidth fullwidth-box fusion-builder-row-3 nonhundred-percent-fullwidth non-hundred-percent-height-scrolling\" style=\"background-color: rgba(255,255,255,0.9);background-position: center center;background-repeat: no-repeat;padding-top:0px;padding-right:0px;padding-bottom:0px;padding-left:0px;margin-bottom: 0px;margin-top: 0px;border-width: 0px 0px 0px 0px;border-color:#eae9e9;border-style:solid;\" ><\/div><div class=\"fusion-fullwidth fullwidth-box fusion-builder-row-4 project-content hundred-percent-fullwidth non-hundred-percent-height-scrolling fusion-equal-height-columns\" style=\"background-color: rgba(255,255,255,0.9);background-position: center center;background-repeat: no-repeat;background-blend-mode: overlay;padding-top:0px;padding-right:0px;padding-bottom:0px;padding-left:0px;margin-bottom: 0px;border-width: 0px 0px 0px 0px;border-color:#eae9e9;border-style:solid;\" ><div class=\"fusion-builder-row fusion-row\"><div class=\"fusion-layout-column fusion_builder_column fusion-builder-column-3 fusion_builder_column_1_2 1_2 fusion-one-half fusion-column-first\" style=\"width:50%;width:calc(50% - ( ( 0 ) * 0.5 ) );margin-right: 0px;margin-top:0px;margin-bottom:20px;\"><div class=\"fusion-column-wrapper fusion-flex-column-wrapper-legacy\" style=\"background-position:left top;background-repeat:no-repeat;-webkit-background-size:cover;-moz-background-size:cover;-o-background-size:cover;background-size:cover;padding: 3vh 6% 3% 6%;\"><div class=\"fusion-column-content-centered\"><div class=\"fusion-column-content\"><style type=\"text\/css\"><\/style><div class=\"fusion-title title fusion-title-2 fusion-sep-none fusion-title-text fusion-title-size-four\" style=\"margin-top:0px;margin-right:0px;margin-bottom:31px;margin-left:0px;\"><h4 class=\"title-heading-left\" style=\"margin:0;\">Fl\u00e4sch \/ CH<\/h4><\/div>\n<div class=\"table-1\">\n<table width=\"100%\">\n<tbody>\n<tr>\n<td align=\"left\"><strong>Pr\u00e9s\u00e9lectionn\u00e9s:<\/strong><\/td>\n<td align=\"left\"> 2022<\/td>\n<\/tr>\n<tr>\n<td align=\"left\"><strong>Propri\u00e9taire du b\u00e2timent :<\/strong><\/td>\n<td align=\"left\"> Politische Gemeinde Fl\u00e4sch<\/td>\n<\/tr>\n<tr>\n<td align=\"left\"><strong>Architecture :<\/strong><\/td>\n<td align=\"left\">Bearth + Deplazes AG<\/td>\n<\/tr>\n<tr>\n<td align=\"left\"><strong>Physique du b\u00e2timent :<\/strong><\/td>\n<td align=\"left\"> mkB - Martin Kant Bauphysik<\/td>\n<\/tr>\n<tr>\n<td align=\"left\"><strong>Statique :<\/strong><\/td>\n<td align=\"left\">Ferrari Gartmann AG<\/td>\n<\/tr>\n<tr>\n<td align=\"left\"><strong>Co\u00fbts de construction :<\/strong><\/td>\n<td align=\"left\">\u20ac 4.74 Mio.<\/td>\n<\/tr>\n<tr>\n<td align=\"left\"><strong>Chiffres sur l&rsquo;\u00e9n\u00e9rgie :<\/strong><\/td>\n<td align=\"left\"> kWh \/ m\u00b2a<\/td>\n<\/tr>\n<tr>\n<td align=\"left\"><strong>Ann\u00e9e de construction :<\/strong><\/td>\n<td align=\"left\">2020<\/td>\n<\/tr>\n<tr>\n<td align=\"left\"><strong>Type de construction :<\/strong><\/td>\n<td align=\"left\">R\u00e9novation<\/td>\n<\/tr>\n<tr>\n<td align=\"left\"><strong>Fonction du b\u00e2timent :<\/strong><\/td>\n<td align=\"left\">\u00c9coles & \u00e9coles maternelles<\/td>\n<\/tr>\n<\/tbody>\n<\/table>\n<\/div>\n<div class=\"fusion-text fusion-text-1 info-feld\"><pre><code>Tabellen Elemente die nicht gebraucht werden in Table (oben^^) in der Text Ansicht von und mit &lt;tr&gt; bis und mit &lt;\/tr&gt; l\u00f6schen oder auskommentieren &lt;!-- *&lt;tr&gt;...&lt;\/tr&gt;* --&gt;<\/code><\/pre>\n<\/div><div class=\"fusion-text fusion-text-2 info-feld\"><pre><code>Tabelle wird durch Projekt Info Felder generiert ---&gt;<\/code><\/pre>\n<\/div><\/div><\/div><div class=\"fusion-clearfix\"><\/div><\/div><\/div><div class=\"fusion-layout-column fusion_builder_column fusion-builder-column-4 fusion_builder_column_1_2 1_2 fusion-one-half fusion-column-last\" style=\"width:50%;width:calc(50% - ( ( 0 ) * 0.5 ) );margin-top:0px;margin-bottom:20px;\"><div class=\"fusion-column-wrapper fusion-flex-column-wrapper-legacy\" style=\"background-position:left top;background-repeat:no-repeat;-webkit-background-size:cover;-moz-background-size:cover;-o-background-size:cover;background-size:cover;padding: 6% 6% 3% 6%;\"><div class=\"fusion-column-content-centered\"><div class=\"fusion-column-content\"><div class=\"fusion-image-carousel fusion-image-carousel-auto lightbox-enabled fusion-carousel-border wp-caption\"><div class=\"fusion-carousel\" data-autoplay=\"yes\" data-columns=\"1\" data-itemmargin=\"0\" data-itemwidth=\"180\" data-touchscroll=\"no\" data-imagesize=\"auto\"><div class=\"fusion-carousel-positioner\"><ul class=\"fusion-carousel-holder\"><li class=\"fusion-carousel-item\"><div class=\"fusion-carousel-item-wrapper\"><div class=\"fusion-image-wrapper hover-type-zoomin\"><a data-rel=\"iLightbox[image_carousel_1]\" data-caption=\"Mehrzweckgeb\u00e4ude Fl\u00e4sch \u00a9 Ralph Feiner\" data-title=\"Mehrzweckgeb\u00e4ude Fl\u00e4sch \u00a9 Ralph Feiner\" aria-label=\"Mehrzweckgeb\u00e4ude Fl\u00e4sch \u00a9 Ralph Feiner\" href=\"https:\/\/www.constructivealps.net\/wp-content\/uploads\/2022\/04\/1klein_Ralph-Feiner-Baukoerper-quer.jpg\" target=\"_self\"><img width=\"2000\" height=\"1347\" src=\"https:\/\/www.constructivealps.net\/wp-content\/uploads\/2022\/04\/1klein_Ralph-Feiner-Baukoerper-quer.jpg\" class=\"attachment-full size-full\" alt=\"Mehrzweckgeb\u00e4ude Fl\u00e4sch \u00a9 Ralph Feiner\" srcset=\"https:\/\/www.constructivealps.net\/wp-content\/uploads\/2022\/04\/1klein_Ralph-Feiner-Baukoerper-quer-200x135.jpg 200w, https:\/\/www.constructivealps.net\/wp-content\/uploads\/2022\/04\/1klein_Ralph-Feiner-Baukoerper-quer-300x202.jpg 300w, https:\/\/www.constructivealps.net\/wp-content\/uploads\/2022\/04\/1klein_Ralph-Feiner-Baukoerper-quer-400x269.jpg 400w, https:\/\/www.constructivealps.net\/wp-content\/uploads\/2022\/04\/1klein_Ralph-Feiner-Baukoerper-quer-600x404.jpg 600w, https:\/\/www.constructivealps.net\/wp-content\/uploads\/2022\/04\/1klein_Ralph-Feiner-Baukoerper-quer-768x517.jpg 768w, https:\/\/www.constructivealps.net\/wp-content\/uploads\/2022\/04\/1klein_Ralph-Feiner-Baukoerper-quer-800x539.jpg 800w, https:\/\/www.constructivealps.net\/wp-content\/uploads\/2022\/04\/1klein_Ralph-Feiner-Baukoerper-quer-1024x690.jpg 1024w, https:\/\/www.constructivealps.net\/wp-content\/uploads\/2022\/04\/1klein_Ralph-Feiner-Baukoerper-quer-1200x808.jpg 1200w, https:\/\/www.constructivealps.net\/wp-content\/uploads\/2022\/04\/1klein_Ralph-Feiner-Baukoerper-quer-1536x1034.jpg 1536w, https:\/\/www.constructivealps.net\/wp-content\/uploads\/2022\/04\/1klein_Ralph-Feiner-Baukoerper-quer.jpg 2000w\" sizes=\"(max-width: 2000px) 100vw, 2000px\" \/><\/a><\/div><\/div><\/li><li class=\"fusion-carousel-item\"><div class=\"fusion-carousel-item-wrapper\"><div class=\"fusion-image-wrapper hover-type-zoomin\"><a data-rel=\"iLightbox[image_carousel_1]\" data-caption=\"Mehrzweckgeb\u00e4ude Fl\u00e4sch \u00a9 Ralph Feiner\" data-title=\"Mehrzweckgeb\u00e4ude Fl\u00e4sch \u00a9 Ralph Feiner\" aria-label=\"Mehrzweckgeb\u00e4ude Fl\u00e4sch \u00a9 Ralph Feiner\" href=\"https:\/\/www.constructivealps.net\/wp-content\/uploads\/2022\/04\/2klein_Ralph-Feiner-Innenraumsituation.jpg\" target=\"_self\"><img width=\"2000\" height=\"1332\" src=\"https:\/\/www.constructivealps.net\/wp-content\/uploads\/2022\/04\/2klein_Ralph-Feiner-Innenraumsituation.jpg\" class=\"attachment-full size-full\" alt=\"Mehrzweckgeb\u00e4ude Fl\u00e4sch \u00a9 Ralph Feiner\" srcset=\"https:\/\/www.constructivealps.net\/wp-content\/uploads\/2022\/04\/2klein_Ralph-Feiner-Innenraumsituation-200x133.jpg 200w, https:\/\/www.constructivealps.net\/wp-content\/uploads\/2022\/04\/2klein_Ralph-Feiner-Innenraumsituation-300x200.jpg 300w, https:\/\/www.constructivealps.net\/wp-content\/uploads\/2022\/04\/2klein_Ralph-Feiner-Innenraumsituation-400x266.jpg 400w, https:\/\/www.constructivealps.net\/wp-content\/uploads\/2022\/04\/2klein_Ralph-Feiner-Innenraumsituation-600x400.jpg 600w, https:\/\/www.constructivealps.net\/wp-content\/uploads\/2022\/04\/2klein_Ralph-Feiner-Innenraumsituation-768x511.jpg 768w, https:\/\/www.constructivealps.net\/wp-content\/uploads\/2022\/04\/2klein_Ralph-Feiner-Innenraumsituation-800x533.jpg 800w, https:\/\/www.constructivealps.net\/wp-content\/uploads\/2022\/04\/2klein_Ralph-Feiner-Innenraumsituation-1024x682.jpg 1024w, https:\/\/www.constructivealps.net\/wp-content\/uploads\/2022\/04\/2klein_Ralph-Feiner-Innenraumsituation-1200x799.jpg 1200w, https:\/\/www.constructivealps.net\/wp-content\/uploads\/2022\/04\/2klein_Ralph-Feiner-Innenraumsituation-1536x1023.jpg 1536w, https:\/\/www.constructivealps.net\/wp-content\/uploads\/2022\/04\/2klein_Ralph-Feiner-Innenraumsituation.jpg 2000w\" sizes=\"(max-width: 2000px) 100vw, 2000px\" \/><\/a><\/div><\/div><\/li><li class=\"fusion-carousel-item\"><div class=\"fusion-carousel-item-wrapper\"><div class=\"fusion-image-wrapper hover-type-zoomin\"><a data-rel=\"iLightbox[image_carousel_1]\" data-caption=\"Mehrzweckgeb\u00e4ude Fl\u00e4sch \u00a9 Ralph Feiner\" data-title=\"Mehrzweckgeb\u00e4ude Fl\u00e4sch \u00a9 Ralph Feiner\" aria-label=\"Mehrzweckgeb\u00e4ude Fl\u00e4sch \u00a9 Ralph Feiner\" href=\"https:\/\/www.constructivealps.net\/wp-content\/uploads\/2022\/04\/3klein_Ralph-Feiner_Detail.jpg\" target=\"_self\"><img width=\"2000\" height=\"1333\" src=\"https:\/\/www.constructivealps.net\/wp-content\/uploads\/2022\/04\/3klein_Ralph-Feiner_Detail.jpg\" class=\"attachment-full size-full\" alt=\"Mehrzweckgeb\u00e4ude Fl\u00e4sch \u00a9 Ralph Feiner\" srcset=\"https:\/\/www.constructivealps.net\/wp-content\/uploads\/2022\/04\/3klein_Ralph-Feiner_Detail-200x133.jpg 200w, https:\/\/www.constructivealps.net\/wp-content\/uploads\/2022\/04\/3klein_Ralph-Feiner_Detail-300x200.jpg 300w, https:\/\/www.constructivealps.net\/wp-content\/uploads\/2022\/04\/3klein_Ralph-Feiner_Detail-400x267.jpg 400w, https:\/\/www.constructivealps.net\/wp-content\/uploads\/2022\/04\/3klein_Ralph-Feiner_Detail-600x400.jpg 600w, https:\/\/www.constructivealps.net\/wp-content\/uploads\/2022\/04\/3klein_Ralph-Feiner_Detail-768x512.jpg 768w, https:\/\/www.constructivealps.net\/wp-content\/uploads\/2022\/04\/3klein_Ralph-Feiner_Detail-800x533.jpg 800w, https:\/\/www.constructivealps.net\/wp-content\/uploads\/2022\/04\/3klein_Ralph-Feiner_Detail-1024x682.jpg 1024w, https:\/\/www.constructivealps.net\/wp-content\/uploads\/2022\/04\/3klein_Ralph-Feiner_Detail-1200x800.jpg 1200w, https:\/\/www.constructivealps.net\/wp-content\/uploads\/2022\/04\/3klein_Ralph-Feiner_Detail-1536x1024.jpg 1536w, https:\/\/www.constructivealps.net\/wp-content\/uploads\/2022\/04\/3klein_Ralph-Feiner_Detail.jpg 2000w\" sizes=\"(max-width: 2000px) 100vw, 2000px\" \/><\/a><\/div><\/div><\/li><\/ul><div class=\"fusion-carousel-nav\"><span class=\"fusion-nav-prev\"><\/span><span class=\"fusion-nav-next\"><\/span><\/div><\/div><\/div><\/div><\/div><\/div><div class=\"fusion-clearfix\"><\/div><\/div><\/div><\/div><\/div><div class=\"fusion-fullwidth fullwidth-box fusion-builder-row-5 project-content hundred-percent-fullwidth non-hundred-percent-height-scrolling fusion-equal-height-columns\" style=\"background-color: rgba(255,255,255,0.9);background-position: center center;background-repeat: no-repeat;background-blend-mode: overlay;padding-top:0px;padding-right:0px;padding-bottom:0px;padding-left:0px;border-width: 0px 0px 0px 0px;border-color:#eae9e9;border-style:solid;\" ><div class=\"fusion-builder-row fusion-row\"><div class=\"fusion-layout-column fusion_builder_column fusion-builder-column-5 fusion_builder_column_1_1 1_1 fusion-one-full fusion-column-first fusion-column-last\" style=\"margin-top:0px;margin-bottom:20px;\"><div class=\"fusion-column-wrapper fusion-flex-column-wrapper-legacy\" style=\"background-position:left top;background-repeat:no-repeat;-webkit-background-size:cover;-moz-background-size:cover;-o-background-size:cover;background-size:cover;padding: 1% 6% 6% 6%;\"><div class=\"fusion-text fusion-text-3\"><h3 style=\"text-align: center;\">En quoi ce projet est-il particulier ?<\/h3>\n<p style=\"text-align: center;\">La particularit\u00e9 du projet \u00ab\u00a0R\u00e9novation et extension du b\u00e2timent polyvalent de Fl\u00e4sch\u00a0\u00bb r\u00e9side dans le fait que la structure et la substance du b\u00e2timent des ann\u00e9es 70 ont pu \u00eatre conserv\u00e9es en grande partie. Pour la soci\u00e9t\u00e9, il s&rsquo;agit d&rsquo;un t\u00e9moin important de l&rsquo;\u00e9poque qui, avec l&rsquo;\u00e9cole et la clinique priv\u00e9e Gut, forme un ensemble coh\u00e9rent avec des espaces ext\u00e9rieurs attrayants. Les diff\u00e9rents espaces disponibles cr\u00e9ent une identit\u00e9 et encouragent les activit\u00e9s physiques et psychiques cr\u00e9atives. Le b\u00e2timent est exemplaire en termes d&rsquo;utilisation de l&rsquo;\u00e9nergie solaire et de production d&rsquo;\u00e9lectricit\u00e9 durable. L&rsquo;approche architecturale envers les b\u00e2timents existants et le paysage local qui y est associ\u00e9 constitue \u00e9galement un jalon.<\/p>\n<\/div><div class=\"fusion-clearfix\"><\/div><\/div><\/div><\/div><\/div><\/p>\n","protected":false},"excerpt":{"rendered":"","protected":false},"author":1,"featured_media":10013,"comment_status":"closed","ping_status":"closed","sticky":false,"template":"","format":"standard","meta":[],"categories":[119,68,124],"tags":[],"yoast_head":"<!-- This site is optimized with the Yoast SEO plugin v16.1.1 - https:\/\/yoast.com\/wordpress\/plugins\/seo\/ -->\n<title>R\u00e9novation et extension b\u00e2timent polyvalent Fl\u00e4sch | Constructive Alps<\/title>\n<meta name=\"description\" content=\"projet 2022\" \/>\n<link rel=\"canonical\" href=\"https:\/\/www.constructivealps.net\/fr\/renovation-et-extension-batiment-polyvalent-flasch\/\" \/>\n<meta property=\"og:locale\" content=\"fr_FR\" \/>\n<meta property=\"og:type\" content=\"article\" \/>\n<meta property=\"og:title\" content=\"R\u00e9novation et extension b\u00e2timent polyvalent Fl\u00e4sch | Constructive Alps\" \/>\n<meta property=\"og:description\" content=\"projet 2022\" \/>\n<meta property=\"og:url\" content=\"https:\/\/www.constructivealps.net\/fr\/renovation-et-extension-batiment-polyvalent-flasch\/\" \/>\n<meta property=\"og:site_name\" content=\"Constructive Alps\" \/>\n<meta property=\"article:publisher\" content=\"https:\/\/web.facebook.com\/ConstructiveAlps\/\" \/>\n<meta property=\"article:published_time\" content=\"2022-04-08T09:28:39+00:00\" \/>\n<meta property=\"article:modified_time\" content=\"2022-10-05T13:30:06+00:00\" \/>\n<meta property=\"og:image\" content=\"https:\/\/www.constructivealps.net\/wp-content\/uploads\/2022\/04\/1klein_cut_Ralph-Feiner-Baukoerper-quer.jpg\" \/>\n\t<meta property=\"og:image:width\" content=\"2000\" \/>\n\t<meta property=\"og:image:height\" content=\"1143\" \/>\n<meta name=\"twitter:card\" content=\"summary_large_image\" \/>\n<meta name=\"twitter:label1\" content=\"Dur\u00e9e de lecture est.\">\n\t<meta name=\"twitter:data1\" content=\"13 minutes\">\n<script type=\"application\/ld+json\" class=\"yoast-schema-graph\">{\"@context\":\"https:\/\/schema.org\",\"@graph\":[{\"@type\":\"Organization\",\"@id\":\"https:\/\/www.constructivealps.net\/#organization\",\"name\":\"Constructive Alps\",\"url\":\"https:\/\/www.constructivealps.net\/\",\"sameAs\":[\"https:\/\/web.facebook.com\/ConstructiveAlps\/\",\"https:\/\/instagram.com\/constructivealps\/\",\"https:\/\/www.pinterest.de\/ConstructiveA\/\"],\"logo\":{\"@type\":\"ImageObject\",\"@id\":\"https:\/\/www.constructivealps.net\/#logo\",\"inLanguage\":\"fr-FR\",\"url\":null,\"contentUrl\":null,\"width\":null,\"height\":null,\"caption\":\"Constructive Alps\"},\"image\":{\"@id\":\"https:\/\/www.constructivealps.net\/#logo\"}},{\"@type\":\"WebSite\",\"@id\":\"https:\/\/www.constructivealps.net\/#website\",\"url\":\"https:\/\/www.constructivealps.net\/\",\"name\":\"Constructive Alps\",\"description\":\"Internationaler Preis f\\u00fcr nachhaltiges Sanieren und Bauen in den Alpen\",\"publisher\":{\"@id\":\"https:\/\/www.constructivealps.net\/#organization\"},\"potentialAction\":[{\"@type\":\"SearchAction\",\"target\":\"https:\/\/www.constructivealps.net\/?s={search_term_string}\",\"query-input\":\"required name=search_term_string\"}],\"inLanguage\":\"fr-FR\"},{\"@type\":\"ImageObject\",\"@id\":\"https:\/\/www.constructivealps.net\/fr\/renovation-et-extension-batiment-polyvalent-flasch\/#primaryimage\",\"inLanguage\":\"fr-FR\",\"url\":\"https:\/\/www.constructivealps.net\/wp-content\/uploads\/2022\/04\/1klein_cut_Ralph-Feiner-Baukoerper-quer.jpg\",\"contentUrl\":\"https:\/\/www.constructivealps.net\/wp-content\/uploads\/2022\/04\/1klein_cut_Ralph-Feiner-Baukoerper-quer.jpg\",\"width\":2000,\"height\":1143,\"caption\":\"Mehrzweckgeb\\u00e4ude Fl\\u00e4sch \\u00a9 Ralph Feiner\"},{\"@type\":\"WebPage\",\"@id\":\"https:\/\/www.constructivealps.net\/fr\/renovation-et-extension-batiment-polyvalent-flasch\/#webpage\",\"url\":\"https:\/\/www.constructivealps.net\/fr\/renovation-et-extension-batiment-polyvalent-flasch\/\",\"name\":\"R\\u00e9novation et extension b\\u00e2timent polyvalent Fl\\u00e4sch | Constructive Alps\",\"isPartOf\":{\"@id\":\"https:\/\/www.constructivealps.net\/#website\"},\"primaryImageOfPage\":{\"@id\":\"https:\/\/www.constructivealps.net\/fr\/renovation-et-extension-batiment-polyvalent-flasch\/#primaryimage\"},\"datePublished\":\"2022-04-08T09:28:39+00:00\",\"dateModified\":\"2022-10-05T13:30:06+00:00\",\"description\":\"projet 2022\",\"breadcrumb\":{\"@id\":\"https:\/\/www.constructivealps.net\/fr\/renovation-et-extension-batiment-polyvalent-flasch\/#breadcrumb\"},\"inLanguage\":\"fr-FR\",\"potentialAction\":[{\"@type\":\"ReadAction\",\"target\":[\"https:\/\/www.constructivealps.net\/fr\/renovation-et-extension-batiment-polyvalent-flasch\/\"]}]},{\"@type\":\"BreadcrumbList\",\"@id\":\"https:\/\/www.constructivealps.net\/fr\/renovation-et-extension-batiment-polyvalent-flasch\/#breadcrumb\",\"itemListElement\":[{\"@type\":\"ListItem\",\"position\":1,\"item\":{\"@type\":\"WebPage\",\"@id\":\"https:\/\/www.constructivealps.net\/fr\/\",\"url\":\"https:\/\/www.constructivealps.net\/fr\/\",\"name\":\"Startseite\"}},{\"@type\":\"ListItem\",\"position\":2,\"item\":{\"@type\":\"WebPage\",\"@id\":\"https:\/\/www.constructivealps.net\/fr\/renovation-et-extension-batiment-polyvalent-flasch\/\",\"url\":\"https:\/\/www.constructivealps.net\/fr\/renovation-et-extension-batiment-polyvalent-flasch\/\",\"name\":\"R\\u00e9novation et extension b\\u00e2timent polyvalent Fl\\u00e4sch\"}}]},{\"@type\":\"Article\",\"@id\":\"https:\/\/www.constructivealps.net\/fr\/renovation-et-extension-batiment-polyvalent-flasch\/#article\",\"isPartOf\":{\"@id\":\"https:\/\/www.constructivealps.net\/fr\/renovation-et-extension-batiment-polyvalent-flasch\/#webpage\"},\"author\":{\"@id\":\"https:\/\/www.constructivealps.net\/#\/schema\/person\/deeeb9e6cb2b95462f03af1f6988e03e\"},\"headline\":\"R\\u00e9novation et extension b\\u00e2timent polyvalent Fl\\u00e4sch\",\"datePublished\":\"2022-04-08T09:28:39+00:00\",\"dateModified\":\"2022-10-05T13:30:06+00:00\",\"mainEntityOfPage\":{\"@id\":\"https:\/\/www.constructivealps.net\/fr\/renovation-et-extension-batiment-polyvalent-flasch\/#webpage\"},\"publisher\":{\"@id\":\"https:\/\/www.constructivealps.net\/#organization\"},\"image\":{\"@id\":\"https:\/\/www.constructivealps.net\/fr\/renovation-et-extension-batiment-polyvalent-flasch\/#primaryimage\"},\"articleSection\":\"Projet 2022,Projets,Reconnaissance 2022\",\"inLanguage\":\"fr-FR\"},{\"@type\":\"Person\",\"@id\":\"https:\/\/www.constructivealps.net\/#\/schema\/person\/deeeb9e6cb2b95462f03af1f6988e03e\",\"name\":\"constructive\",\"image\":{\"@type\":\"ImageObject\",\"@id\":\"https:\/\/www.constructivealps.net\/#personlogo\",\"inLanguage\":\"fr-FR\",\"url\":\"https:\/\/secure.gravatar.com\/avatar\/b46d7f376bcdae473d47cf3d39c62f46?s=96&d=mm&r=g\",\"contentUrl\":\"https:\/\/secure.gravatar.com\/avatar\/b46d7f376bcdae473d47cf3d39c62f46?s=96&d=mm&r=g\",\"caption\":\"constructive\"}}]}<\/script>\n<!-- \/ Yoast SEO plugin. -->","_links":{"self":[{"href":"https:\/\/www.constructivealps.net\/fr\/wp-json\/wp\/v2\/posts\/10049"}],"collection":[{"href":"https:\/\/www.constructivealps.net\/fr\/wp-json\/wp\/v2\/posts"}],"about":[{"href":"https:\/\/www.constructivealps.net\/fr\/wp-json\/wp\/v2\/types\/post"}],"author":[{"embeddable":true,"href":"https:\/\/www.constructivealps.net\/fr\/wp-json\/wp\/v2\/users\/1"}],"replies":[{"embeddable":true,"href":"https:\/\/www.constructivealps.net\/fr\/wp-json\/wp\/v2\/comments?post=10049"}],"version-history":[{"count":13,"href":"https:\/\/www.constructivealps.net\/fr\/wp-json\/wp\/v2\/posts\/10049\/revisions"}],"predecessor-version":[{"id":11399,"href":"https:\/\/www.constructivealps.net\/fr\/wp-json\/wp\/v2\/posts\/10049\/revisions\/11399"}],"wp:featuredmedia":[{"embeddable":true,"href":"https:\/\/www.constructivealps.net\/fr\/wp-json\/wp\/v2\/media\/10013"}],"wp:attachment":[{"href":"https:\/\/www.constructivealps.net\/fr\/wp-json\/wp\/v2\/media?parent=10049"}],"wp:term":[{"taxonomy":"category","embeddable":true,"href":"https:\/\/www.constructivealps.net\/fr\/wp-json\/wp\/v2\/categories?post=10049"},{"taxonomy":"post_tag","embeddable":true,"href":"https:\/\/www.constructivealps.net\/fr\/wp-json\/wp\/v2\/tags?post=10049"}],"curies":[{"name":"wp","href":"https:\/\/api.w.org\/{rel}","templated":true}]}}