{"id":4276,"date":"2019-12-09T14:12:45","date_gmt":"2019-12-09T13:12:45","guid":{"rendered":"http:\/\/neu.constructivealps.net\/ecole-primaire-et-jardin-denfants-brand\/"},"modified":"2021-11-09T10:19:26","modified_gmt":"2021-11-09T09:19:26","slug":"ecole-primaire-et-jardin-denfants-brand","status":"publish","type":"post","link":"https:\/\/www.constructivealps.net\/fr\/ecole-primaire-et-jardin-denfants-brand\/","title":{"rendered":"\u00c9cole primaire et jardin d\u2019enfants Brand"},"content":{"rendered":"<p><div class=\"fusion-fullwidth fullwidth-box fusion-builder-row-1 project-head hundred-percent-fullwidth non-hundred-percent-height-scrolling fusion-equal-height-columns\" style=\"background-color: #7eab52;background-position: center center;background-repeat: no-repeat;padding-top:0px;padding-right:0px;padding-bottom:0px;padding-left:0px;margin-bottom: 0px;border-width: 0px 0px 0px 0px;border-color:#eae9e9;border-style:solid;\" ><div class=\"fusion-builder-row fusion-row\"><div class=\"fusion-layout-column fusion_builder_column fusion-builder-column-0 fusion_builder_column_2_3 2_3 fusion-two-third fusion-column-first\" style=\"width:66.666666666667%;width:calc(66.666666666667% - ( ( 0 ) * 0.66666666666667 ) );margin-right: 0px;margin-top:0px;margin-bottom:0px;\"><div class=\"fusion-column-wrapper fusion-flex-column-wrapper-legacy\" style=\"background-position:left top;background-repeat:no-repeat;-webkit-background-size:cover;-moz-background-size:cover;-o-background-size:cover;background-size:cover;background-color:#7eab52;padding: 0px 0px 0px 0px;\"><span class=\" fusion-imageframe imageframe-none imageframe-1 hover-type-none head-img\" style=\"width:100%;max-width:100%;\"><a href=\"http:\/\/www.constructivealps.net\/wp-content\/uploads\/2019\/09\/2017_VolksschuleBrandcAlbrechtSchnabel-1-1.jpg\" class=\"fusion-lightbox\" data-rel=\"iLightbox[faa88fbcb02752089af]\" data-title=\"2017_VolksschuleBrand(c)AlbrechtSchnabel (1)\" title=\"2017_VolksschuleBrand(c)AlbrechtSchnabel (1)\"><img width=\"2100\" height=\"1422\" src=\"http:\/\/www.constructivealps.net\/wp-content\/uploads\/2019\/09\/2017_VolksschuleBrandcAlbrechtSchnabel-1-1.jpg\" class=\"img-responsive wp-image-1658\" srcset=\"https:\/\/www.constructivealps.net\/wp-content\/uploads\/2019\/09\/2017_VolksschuleBrandcAlbrechtSchnabel-1-1-200x135.jpg 200w, https:\/\/www.constructivealps.net\/wp-content\/uploads\/2019\/09\/2017_VolksschuleBrandcAlbrechtSchnabel-1-1-400x271.jpg 400w, https:\/\/www.constructivealps.net\/wp-content\/uploads\/2019\/09\/2017_VolksschuleBrandcAlbrechtSchnabel-1-1-600x406.jpg 600w, https:\/\/www.constructivealps.net\/wp-content\/uploads\/2019\/09\/2017_VolksschuleBrandcAlbrechtSchnabel-1-1-800x542.jpg 800w, https:\/\/www.constructivealps.net\/wp-content\/uploads\/2019\/09\/2017_VolksschuleBrandcAlbrechtSchnabel-1-1-1200x813.jpg 1200w, https:\/\/www.constructivealps.net\/wp-content\/uploads\/2019\/09\/2017_VolksschuleBrandcAlbrechtSchnabel-1-1.jpg 2100w\" sizes=\"(max-width: 1125px) 100vw, 2100px\" \/><\/a><\/span><div class=\"fusion-clearfix\"><\/div><\/div><\/div><div class=\"fusion-layout-column fusion_builder_column fusion-builder-column-1 fusion_builder_column_1_3 1_3 fusion-one-third fusion-column-last rating-box fusion-column-no-min-height\" style=\"width:33.333333333333%;width:calc(33.333333333333% - ( ( 0 ) * 0.33333333333333 ) );margin-top:0px;margin-bottom:0px;\"><div class=\"fusion-column-wrapper fusion-flex-column-wrapper-legacy\" style=\"background-position:left top;background-repeat:no-repeat;-webkit-background-size:cover;-moz-background-size:cover;-o-background-size:cover;background-size:cover;background-color:#7eab52;padding: 2vh 0px 2vh 0px;\"><div class=\"fusion-column-content-centered\"><div class=\"fusion-column-content\"><div class=\"imageframe-align-center\"><span class=\" fusion-imageframe imageframe-none imageframe-2 hover-type-none\"><img width=\"190\" height=\"211\" title=\"Button_Winner\" src=\"https:\/\/www.constructivealps.net\/wp-content\/uploads\/2020\/11\/Button_Winner-4.png\" class=\"img-responsive wp-image-8174\"\/><\/span><\/div><\/div><\/div><div class=\"fusion-clearfix\"><\/div><\/div><\/div><\/div><\/div><div class=\"fusion-fullwidth fullwidth-box fusion-builder-row-2 nonhundred-percent-fullwidth non-hundred-percent-height-scrolling\" style=\"background-color: rgba(255,255,255,0.9);background-position: center center;background-repeat: no-repeat;padding-top:0px;padding-right:0px;padding-bottom:0px;padding-left:0px;margin-bottom: 0px;margin-top: 0px;border-width: 0px 0px 0px 0px;border-color:#eae9e9;border-style:solid;\" ><div class=\"fusion-builder-row fusion-row\"><div class=\"fusion-layout-column fusion_builder_column fusion-builder-column-2 fusion_builder_column_1_1 1_1 fusion-one-full fusion-column-first fusion-column-last\" style=\"margin-top:0px;margin-bottom:0px;\"><div class=\"fusion-column-wrapper fusion-flex-column-wrapper-legacy\" style=\"background-position:left top;background-repeat:no-repeat;-webkit-background-size:cover;-moz-background-size:cover;-o-background-size:cover;background-size:cover;padding: 3vh 3% 0px 3%;\"><style type=\"text\/css\"><\/style><div class=\"fusion-title title fusion-title-1 fusion-sep-none fusion-title-text fusion-title-size-two\" style=\"margin-top:0px;margin-right:0px;margin-bottom:31px;margin-left:0px;\"><h2 class=\"title-heading-left\" style=\"margin:0;\">\u00c9cole primaire et jardin d\u2019enfants<\/h2><\/div><div class=\"fusion-clearfix\"><\/div><\/div><\/div><\/div><\/div><div class=\"fusion-fullwidth fullwidth-box fusion-builder-row-3 project-content hundred-percent-fullwidth non-hundred-percent-height-scrolling fusion-equal-height-columns\" style=\"background-color: rgba(255,255,255,0.9);background-position: center center;background-repeat: no-repeat;padding-top:0px;padding-right:0px;padding-bottom:0px;padding-left:0px;margin-bottom: 0px;border-width: 0px 0px 0px 0px;border-color:#eae9e9;border-style:solid;\" ><div class=\"fusion-builder-row fusion-row\"><div class=\"fusion-layout-column fusion_builder_column fusion-builder-column-3 fusion_builder_column_1_2 1_2 fusion-one-half fusion-column-first\" style=\"width:50%;width:calc(50% - ( ( 0 ) * 0.5 ) );margin-right: 0px;margin-top:0px;margin-bottom:20px;\"><div class=\"fusion-column-wrapper fusion-flex-column-wrapper-legacy\" style=\"background-position:left top;background-repeat:no-repeat;-webkit-background-size:cover;-moz-background-size:cover;-o-background-size:cover;background-size:cover;padding: 3vh 6% 3% 6%;\"><div class=\"fusion-column-content-centered\"><div class=\"fusion-column-content\"><style type=\"text\/css\"><\/style><div class=\"fusion-title title fusion-title-2 fusion-sep-none fusion-title-text fusion-title-size-four\" style=\"margin-top:0px;margin-right:0px;margin-bottom:31px;margin-left:0px;\"><h4 class=\"title-heading-left\" style=\"margin:0;\">Gufer 48, Brand bei Bludenz \/ A<\/h4><\/div>\n<div class=\"table-1\">\n<table width=\"100%\">\n<tbody>\n<tr>\n<td align=\"left\"><strong>Laur\u00e9ats:<\/strong><\/td>\n<td align=\"left\">1er prix 2017<\/td>\n<\/tr>\n<tr>\n<td align=\"left\"><strong>Ma\u00eetre d\u2019ouvrage :<\/strong><\/td>\n<td align=\"left\">Communaut\u00e9 de Brand<\/td>\n<\/tr>\n<tr>\n<td align=\"left\"><strong>Architecture :<\/strong><\/td>\n<td align=\"left\">ARGE Spagolla Zottele Mallin Architekten, Bludenz \/ A<\/td>\n<\/tr>\n<tr>\n<td align=\"left\"><strong>Physique du b\u00e2timent :<\/strong><\/td>\n<td align=\"left\">Bernhard Weithas, Lauterach \/ A<\/td>\n<\/tr>\n<tr>\n<td align=\"left\"><strong>Co\u00fbts de construction :<\/strong><\/td>\n<td align=\"left\">\u20ac 3.4 Mio.<\/td>\n<\/tr>\n<tr>\n<td align=\"left\"><strong>Chiffres sur l&rsquo;\u00e9n\u00e9rgie :<\/strong><\/td>\n<td align=\"left\">10 kWh \/ m\u00b2a<\/td>\n<\/tr>\n<tr>\n<td align=\"left\"><strong>Ann\u00e9e de construction :<\/strong><\/td>\n<td align=\"left\">2015<\/td>\n<\/tr>\n<tr>\n<td align=\"left\"><strong>Type de construction :<\/strong><\/td>\n<td align=\"left\">B\u00e2timent neuf<\/td>\n<\/tr>\n<tr>\n<td align=\"left\"><strong>Fonction du b\u00e2timent :<\/strong><\/td>\n<td align=\"left\">\u00c9coles & \u00e9coles maternelles<\/td>\n<\/tr>\n<tr>\n<td align=\"left\"><strong>Article dans \u00ab\u00a0Hochparterre\u00a0\u00bb<\/strong><\/td>\n<td align=\"left\"><a href=\"http:\/\/%7B!%7Bwpv-post-field%20name='acf_artikel_im_hochparterre'%7D!%7D\" target=\"_blank\" rel=\"noopener noreferrer\"><div class=\"fusion-fa-align-left\"><i class=\"fb-icon-element-1 fb-icon-element fontawesome-icon fa-file-pdf fas circle-yes\" style=\"font-size:13.2px;line-height:24.4px;height:26.4px;width:26.4px;border-width:1px;margin-right:7.5px;\"><\/i><\/div><style>i.fb-icon-element.fontawesome-icon.fb-icon-element-1{ color: #ffffff; background-color: #bb0706; border-color: #bb0706;}i.fb-icon-element.fontawesome-icon.fb-icon-element-1:hover { color: #ffffff; background-color: #bb0706; border-color: #bb0706;}<\/style><\/a><\/td>\n<\/tr>\n<\/tbody>\n<\/table>\n<\/div>\n<div class=\"fusion-text fusion-text-1 info-feld\"><pre><code>Tabellen Elemente die nicht gebraucht werden in Table (oben^^) in der Text Ansicht von und mit &lt;tr&gt; bis und mit &lt;\/tr&gt; l\u00f6schen oder auskommentieren &lt;!-- *&lt;tr&gt;...&lt;\/tr&gt;* --&gt;<\/code><\/pre>\n<\/div><\/div><\/div><div class=\"fusion-clearfix\"><\/div><\/div><\/div><div class=\"fusion-layout-column fusion_builder_column fusion-builder-column-4 fusion_builder_column_1_2 1_2 fusion-one-half fusion-column-last\" style=\"width:50%;width:calc(50% - ( ( 0 ) * 0.5 ) );margin-top:0px;margin-bottom:20px;\"><div class=\"fusion-column-wrapper fusion-flex-column-wrapper-legacy\" style=\"background-position:left top;background-repeat:no-repeat;-webkit-background-size:cover;-moz-background-size:cover;-o-background-size:cover;background-size:cover;padding: 6% 6% 3% 6%;\"><div class=\"fusion-column-content-centered\"><div class=\"fusion-column-content\"><div class=\"fusion-image-carousel fusion-image-carousel-auto lightbox-enabled fusion-carousel-border wp-caption\"><div class=\"fusion-carousel\" data-autoplay=\"yes\" data-columns=\"1\" data-itemmargin=\"0\" data-itemwidth=\"180\" data-touchscroll=\"no\" data-imagesize=\"auto\"><div class=\"fusion-carousel-positioner\"><ul class=\"fusion-carousel-holder\"><li class=\"fusion-carousel-item\"><div class=\"fusion-carousel-item-wrapper\"><div class=\"fusion-image-wrapper hover-type-zoomin\"><a data-rel=\"iLightbox[image_carousel_1]\" data-caption=\"2017_VolksschuleBrand(c)AlbrechtSchnabel (2)\" data-title=\"2017_VolksschuleBrand(c)AlbrechtSchnabel (2)\" aria-label=\"2017_VolksschuleBrand(c)AlbrechtSchnabel (2)\" href=\"http:\/\/www.constructivealps.net\/wp-content\/uploads\/2019\/10\/2017_VolksschuleBrandcAlbrechtSchnabel-2.jpg\" target=\"_self\"><img width=\"2500\" height=\"1686\" src=\"https:\/\/www.constructivealps.net\/wp-content\/uploads\/2019\/10\/2017_VolksschuleBrandcAlbrechtSchnabel-2.jpg\" class=\"attachment-full size-full\" alt=\"\" srcset=\"https:\/\/www.constructivealps.net\/wp-content\/uploads\/2019\/10\/2017_VolksschuleBrandcAlbrechtSchnabel-2-200x135.jpg 200w, https:\/\/www.constructivealps.net\/wp-content\/uploads\/2019\/10\/2017_VolksschuleBrandcAlbrechtSchnabel-2-300x202.jpg 300w, https:\/\/www.constructivealps.net\/wp-content\/uploads\/2019\/10\/2017_VolksschuleBrandcAlbrechtSchnabel-2-400x270.jpg 400w, https:\/\/www.constructivealps.net\/wp-content\/uploads\/2019\/10\/2017_VolksschuleBrandcAlbrechtSchnabel-2-600x405.jpg 600w, https:\/\/www.constructivealps.net\/wp-content\/uploads\/2019\/10\/2017_VolksschuleBrandcAlbrechtSchnabel-2-768x518.jpg 768w, https:\/\/www.constructivealps.net\/wp-content\/uploads\/2019\/10\/2017_VolksschuleBrandcAlbrechtSchnabel-2-800x540.jpg 800w, https:\/\/www.constructivealps.net\/wp-content\/uploads\/2019\/10\/2017_VolksschuleBrandcAlbrechtSchnabel-2-1024x691.jpg 1024w, https:\/\/www.constructivealps.net\/wp-content\/uploads\/2019\/10\/2017_VolksschuleBrandcAlbrechtSchnabel-2-1200x809.jpg 1200w, https:\/\/www.constructivealps.net\/wp-content\/uploads\/2019\/10\/2017_VolksschuleBrandcAlbrechtSchnabel-2.jpg 2500w\" sizes=\"(max-width: 2500px) 100vw, 2500px\" \/><\/a><\/div><\/div><\/li><li class=\"fusion-carousel-item\"><div class=\"fusion-carousel-item-wrapper\"><div class=\"fusion-image-wrapper hover-type-zoomin\"><a data-rel=\"iLightbox[image_carousel_1]\" data-caption=\"2017_VolksschuleBrand(c)AlbrechtSchnabel (3)\" data-title=\"2017_VolksschuleBrand(c)AlbrechtSchnabel (3)\" aria-label=\"2017_VolksschuleBrand(c)AlbrechtSchnabel (3)\" href=\"http:\/\/www.constructivealps.net\/wp-content\/uploads\/2019\/10\/2017_VolksschuleBrandcAlbrechtSchnabel-3.jpg\" target=\"_self\"><img width=\"2100\" height=\"1458\" src=\"https:\/\/www.constructivealps.net\/wp-content\/uploads\/2019\/10\/2017_VolksschuleBrandcAlbrechtSchnabel-3.jpg\" class=\"attachment-full size-full\" alt=\"\" srcset=\"https:\/\/www.constructivealps.net\/wp-content\/uploads\/2019\/10\/2017_VolksschuleBrandcAlbrechtSchnabel-3-200x139.jpg 200w, https:\/\/www.constructivealps.net\/wp-content\/uploads\/2019\/10\/2017_VolksschuleBrandcAlbrechtSchnabel-3-300x208.jpg 300w, https:\/\/www.constructivealps.net\/wp-content\/uploads\/2019\/10\/2017_VolksschuleBrandcAlbrechtSchnabel-3-400x278.jpg 400w, https:\/\/www.constructivealps.net\/wp-content\/uploads\/2019\/10\/2017_VolksschuleBrandcAlbrechtSchnabel-3-600x417.jpg 600w, https:\/\/www.constructivealps.net\/wp-content\/uploads\/2019\/10\/2017_VolksschuleBrandcAlbrechtSchnabel-3-768x533.jpg 768w, https:\/\/www.constructivealps.net\/wp-content\/uploads\/2019\/10\/2017_VolksschuleBrandcAlbrechtSchnabel-3-800x555.jpg 800w, https:\/\/www.constructivealps.net\/wp-content\/uploads\/2019\/10\/2017_VolksschuleBrandcAlbrechtSchnabel-3-1024x711.jpg 1024w, https:\/\/www.constructivealps.net\/wp-content\/uploads\/2019\/10\/2017_VolksschuleBrandcAlbrechtSchnabel-3-1200x833.jpg 1200w, https:\/\/www.constructivealps.net\/wp-content\/uploads\/2019\/10\/2017_VolksschuleBrandcAlbrechtSchnabel-3.jpg 2100w\" sizes=\"(max-width: 2100px) 100vw, 2100px\" \/><\/a><\/div><\/div><\/li><li class=\"fusion-carousel-item\"><div class=\"fusion-carousel-item-wrapper\"><div class=\"fusion-image-wrapper hover-type-zoomin\"><a data-rel=\"iLightbox[image_carousel_1]\" data-caption=\"2017_VolksschuleBrand(c)AlbrechtSchnabel (1)\" data-title=\"2017_VolksschuleBrand(c)AlbrechtSchnabel (1)\" aria-label=\"2017_VolksschuleBrand(c)AlbrechtSchnabel (1)\" href=\"http:\/\/www.constructivealps.net\/wp-content\/uploads\/2019\/10\/2017_VolksschuleBrandcAlbrechtSchnabel-1.jpg\" target=\"_self\"><img width=\"2100\" height=\"1422\" src=\"https:\/\/www.constructivealps.net\/wp-content\/uploads\/2019\/10\/2017_VolksschuleBrandcAlbrechtSchnabel-1.jpg\" class=\"attachment-full size-full\" alt=\"\" srcset=\"https:\/\/www.constructivealps.net\/wp-content\/uploads\/2019\/10\/2017_VolksschuleBrandcAlbrechtSchnabel-1-200x135.jpg 200w, https:\/\/www.constructivealps.net\/wp-content\/uploads\/2019\/10\/2017_VolksschuleBrandcAlbrechtSchnabel-1-300x203.jpg 300w, https:\/\/www.constructivealps.net\/wp-content\/uploads\/2019\/10\/2017_VolksschuleBrandcAlbrechtSchnabel-1-400x271.jpg 400w, https:\/\/www.constructivealps.net\/wp-content\/uploads\/2019\/10\/2017_VolksschuleBrandcAlbrechtSchnabel-1-600x406.jpg 600w, https:\/\/www.constructivealps.net\/wp-content\/uploads\/2019\/10\/2017_VolksschuleBrandcAlbrechtSchnabel-1-768x520.jpg 768w, https:\/\/www.constructivealps.net\/wp-content\/uploads\/2019\/10\/2017_VolksschuleBrandcAlbrechtSchnabel-1-800x542.jpg 800w, https:\/\/www.constructivealps.net\/wp-content\/uploads\/2019\/10\/2017_VolksschuleBrandcAlbrechtSchnabel-1-1024x693.jpg 1024w, https:\/\/www.constructivealps.net\/wp-content\/uploads\/2019\/10\/2017_VolksschuleBrandcAlbrechtSchnabel-1-1200x813.jpg 1200w, https:\/\/www.constructivealps.net\/wp-content\/uploads\/2019\/10\/2017_VolksschuleBrandcAlbrechtSchnabel-1.jpg 2100w\" sizes=\"(max-width: 2100px) 100vw, 2100px\" \/><\/a><\/div><\/div><\/li><li class=\"fusion-carousel-item\"><div class=\"fusion-carousel-item-wrapper\"><div class=\"fusion-image-wrapper hover-type-zoomin\"><a data-rel=\"iLightbox[image_carousel_1]\" data-caption=\"2017_VolksschuleBrand(c)AlbrechtSchnabel (5)\" data-title=\"2017_VolksschuleBrand(c)AlbrechtSchnabel (5)\" aria-label=\"2017_VolksschuleBrand(c)AlbrechtSchnabel (5)\" href=\"http:\/\/www.constructivealps.net\/wp-content\/uploads\/2019\/10\/2017_VolksschuleBrandcAlbrechtSchnabel-5.jpg\" target=\"_self\"><img width=\"2100\" height=\"1399\" src=\"https:\/\/www.constructivealps.net\/wp-content\/uploads\/2019\/10\/2017_VolksschuleBrandcAlbrechtSchnabel-5.jpg\" class=\"attachment-full size-full\" alt=\"\" srcset=\"https:\/\/www.constructivealps.net\/wp-content\/uploads\/2019\/10\/2017_VolksschuleBrandcAlbrechtSchnabel-5-200x133.jpg 200w, https:\/\/www.constructivealps.net\/wp-content\/uploads\/2019\/10\/2017_VolksschuleBrandcAlbrechtSchnabel-5-300x200.jpg 300w, https:\/\/www.constructivealps.net\/wp-content\/uploads\/2019\/10\/2017_VolksschuleBrandcAlbrechtSchnabel-5-400x266.jpg 400w, https:\/\/www.constructivealps.net\/wp-content\/uploads\/2019\/10\/2017_VolksschuleBrandcAlbrechtSchnabel-5-600x400.jpg 600w, https:\/\/www.constructivealps.net\/wp-content\/uploads\/2019\/10\/2017_VolksschuleBrandcAlbrechtSchnabel-5-768x512.jpg 768w, https:\/\/www.constructivealps.net\/wp-content\/uploads\/2019\/10\/2017_VolksschuleBrandcAlbrechtSchnabel-5-800x533.jpg 800w, https:\/\/www.constructivealps.net\/wp-content\/uploads\/2019\/10\/2017_VolksschuleBrandcAlbrechtSchnabel-5-1024x682.jpg 1024w, https:\/\/www.constructivealps.net\/wp-content\/uploads\/2019\/10\/2017_VolksschuleBrandcAlbrechtSchnabel-5-1200x799.jpg 1200w, https:\/\/www.constructivealps.net\/wp-content\/uploads\/2019\/10\/2017_VolksschuleBrandcAlbrechtSchnabel-5.jpg 2100w\" sizes=\"(max-width: 2100px) 100vw, 2100px\" \/><\/a><\/div><\/div><\/li><li class=\"fusion-carousel-item\"><div class=\"fusion-carousel-item-wrapper\"><div class=\"fusion-image-wrapper hover-type-zoomin\"><a data-rel=\"iLightbox[image_carousel_1]\" data-caption=\"2017_VolksschuleBrand(c)AlbrechtSchnabel (7)\" data-title=\"2017_VolksschuleBrand(c)AlbrechtSchnabel (7)\" aria-label=\"2017_VolksschuleBrand(c)AlbrechtSchnabel (7)\" href=\"http:\/\/www.constructivealps.net\/wp-content\/uploads\/2019\/10\/2017_VolksschuleBrandcAlbrechtSchnabel-7.jpg\" target=\"_self\"><img width=\"1399\" height=\"2100\" src=\"https:\/\/www.constructivealps.net\/wp-content\/uploads\/2019\/10\/2017_VolksschuleBrandcAlbrechtSchnabel-7.jpg\" class=\"attachment-full size-full\" alt=\"\" srcset=\"https:\/\/www.constructivealps.net\/wp-content\/uploads\/2019\/10\/2017_VolksschuleBrandcAlbrechtSchnabel-7-200x300.jpg 200w, https:\/\/www.constructivealps.net\/wp-content\/uploads\/2019\/10\/2017_VolksschuleBrandcAlbrechtSchnabel-7-400x600.jpg 400w, https:\/\/www.constructivealps.net\/wp-content\/uploads\/2019\/10\/2017_VolksschuleBrandcAlbrechtSchnabel-7-600x901.jpg 600w, https:\/\/www.constructivealps.net\/wp-content\/uploads\/2019\/10\/2017_VolksschuleBrandcAlbrechtSchnabel-7-682x1024.jpg 682w, https:\/\/www.constructivealps.net\/wp-content\/uploads\/2019\/10\/2017_VolksschuleBrandcAlbrechtSchnabel-7-768x1153.jpg 768w, https:\/\/www.constructivealps.net\/wp-content\/uploads\/2019\/10\/2017_VolksschuleBrandcAlbrechtSchnabel-7-800x1201.jpg 800w, https:\/\/www.constructivealps.net\/wp-content\/uploads\/2019\/10\/2017_VolksschuleBrandcAlbrechtSchnabel-7-1200x1801.jpg 1200w, https:\/\/www.constructivealps.net\/wp-content\/uploads\/2019\/10\/2017_VolksschuleBrandcAlbrechtSchnabel-7.jpg 1399w\" sizes=\"(max-width: 1399px) 100vw, 1399px\" \/><\/a><\/div><\/div><\/li><\/ul><div class=\"fusion-carousel-nav\"><span class=\"fusion-nav-prev\"><\/span><span class=\"fusion-nav-next\"><\/span><\/div><\/div><\/div><\/div><\/div><\/div><div class=\"fusion-clearfix\"><\/div><\/div><\/div><\/div><\/div><div class=\"fusion-fullwidth fullwidth-box fusion-builder-row-4 project-content hundred-percent-fullwidth non-hundred-percent-height-scrolling fusion-equal-height-columns\" style=\"background-color: rgba(255,255,255,0.9);background-position: center center;background-repeat: no-repeat;padding-top:0px;padding-right:0px;padding-bottom:0px;padding-left:0px;border-width: 0px 0px 0px 0px;border-color:#eae9e9;border-style:solid;\" ><div class=\"fusion-builder-row fusion-row\"><div class=\"fusion-layout-column fusion_builder_column fusion-builder-column-5 fusion_builder_column_1_2 1_2 fusion-one-half fusion-column-first video-box\" style=\"width:50%;width:calc(50% - ( ( 0 ) * 0.5 ) );margin-right: 0px;margin-top:0px;margin-bottom:20px;\"><div class=\"fusion-column-wrapper fusion-flex-column-wrapper-legacy\" style=\"background-position:left top;background-repeat:no-repeat;-webkit-background-size:cover;-moz-background-size:cover;-o-background-size:cover;background-size:cover;padding: 0px 6% 3% 6%;\"><div class=\"fusion-column-content-centered\"><div class=\"fusion-column-content\"><div class=\"fusion-video fusion-youtube video\" style=\"max-width:600px;max-height:360px;\"><div class=\"video-shortcode\"><iframe class=\"fusion-hidden\" data-privacy-type=\"youtube\" src=\"\" title=\"YouTube video player 1\" data-privacy-src=\"https:\/\/www.youtube.com\/embed\/lFHAuab8qHo?wmode=transparent&autoplay=0\" width=\"600\" height=\"360\" allowfullscreen allow=\"autoplay; fullscreen\"><\/iframe><div class=\"fusion-privacy-placeholder\" style=\"width:600px; height:360px;\" data-privacy-type=\"youtube\"><div class=\"fusion-privacy-placeholder-content\"><div class=\"fusion-privacy-label\">For privacy reasons YouTube needs your permission to be loaded.<\/div><a href=\"\" data-privacy-type=\"youtube\" class=\"fusion-button button-default fusion-button-default-size button fusion-privacy-consent\">I Accept<\/a><\/div><\/div><\/div><\/div><\/div><\/div><div class=\"fusion-clearfix\"><\/div><\/div><\/div><div class=\"fusion-layout-column fusion_builder_column fusion-builder-column-6 fusion_builder_column_1_2 1_2 fusion-one-half fusion-column-last\" style=\"width:50%;width:calc(50% - ( ( 0 ) * 0.5 ) );margin-top:0px;margin-bottom:20px;\"><div class=\"fusion-column-wrapper fusion-flex-column-wrapper-legacy\" style=\"background-position:left top;background-repeat:no-repeat;-webkit-background-size:cover;-moz-background-size:cover;-o-background-size:cover;background-size:cover;padding: 1% 6% 6% 6%;\"><div class=\"fusion-text fusion-text-2\"><h3 style=\"text-align: center;\">L\u2019avis du jury :<\/h3>\n<p style=\"text-align: center;\">\u00ab Les architectes jouent sur tous les registres de la durabilit\u00e9 en renfor\u00e7ant syst\u00e9matiquement les \u00e9l\u00e9ments locaux. L\u2019\u00e9cole est un centre ouvert aux enfants, aux musiciens et aux associations. La structure en bois prolonge l\u2019architecture du village et mise sur le savoir-faire des entreprises locales. Le b\u00e2timent tire son \u00e9nergie du sol. Il \u00e9conomise ainsi des ressources, enrichit le patrimoine architectural et dynamise la communaut\u00e9 villageoise. Des indices \u00e9nerg\u00e9tiques performants \u00e0 la qualit\u00e9 de l\u2019agencement int\u00e9rieur: \u00e0 Brand tout est r\u00e9uni \u2013 en allemand: zemmako. \u00bb<\/p>\n<\/div><div class=\"fusion-clearfix\"><\/div><\/div><\/div><\/div><\/div><\/p>\n","protected":false},"excerpt":{"rendered":"","protected":false},"author":1,"featured_media":1658,"comment_status":"closed","ping_status":"closed","sticky":false,"template":"","format":"standard","meta":[],"categories":[68],"tags":[112],"yoast_head":"<!-- This site is optimized with the Yoast SEO plugin v16.1.1 - https:\/\/yoast.com\/wordpress\/plugins\/seo\/ -->\n<title>\u00c9cole primaire et jardin d\u2019enfants Brand | Constructive Alps<\/title>\n<meta name=\"description\" content=\"\u00ab Les architectes jouent sur tous les registres de la durabilit\u00e9 en renfor\u00e7ant syst\u00e9matiquement les \u00e9l\u00e9ments locaux. L\u2019\u00e9cole est un centre ouvert aux enfants, aux musiciens et aux associations. La structure en bois prolonge l\u2019architecture du village et mise sur le savoir-faire des entreprises locales. Le b\u00e2timent tire son \u00e9nergie du sol. Il \u00e9conomise ainsi des ressources, enrichit le patrimoine architectural et dynamise la communaut\u00e9 villageoise. Des indices \u00e9nerg\u00e9tiques performants \u00e0 la qualit\u00e9 de l\u2019agencement int\u00e9rieur: \u00e0 Brand tout est r\u00e9uni \u2013 en allemand: zemmako. \u00bb\" \/>\n<link rel=\"canonical\" href=\"https:\/\/www.constructivealps.net\/fr\/ecole-primaire-et-jardin-denfants-brand\/\" \/>\n<meta property=\"og:locale\" content=\"fr_FR\" \/>\n<meta property=\"og:type\" content=\"article\" \/>\n<meta property=\"og:title\" content=\"\u00c9cole primaire et jardin d\u2019enfants Brand | Constructive Alps\" \/>\n<meta property=\"og:description\" content=\"\u00ab Les architectes jouent sur tous les registres de la durabilit\u00e9 en renfor\u00e7ant syst\u00e9matiquement les \u00e9l\u00e9ments locaux. L\u2019\u00e9cole est un centre ouvert aux enfants, aux musiciens et aux associations. La structure en bois prolonge l\u2019architecture du village et mise sur le savoir-faire des entreprises locales. Le b\u00e2timent tire son \u00e9nergie du sol. Il \u00e9conomise ainsi des ressources, enrichit le patrimoine architectural et dynamise la communaut\u00e9 villageoise. Des indices \u00e9nerg\u00e9tiques performants \u00e0 la qualit\u00e9 de l\u2019agencement int\u00e9rieur: \u00e0 Brand tout est r\u00e9uni \u2013 en allemand: zemmako. \u00bb\" \/>\n<meta property=\"og:url\" content=\"https:\/\/www.constructivealps.net\/fr\/ecole-primaire-et-jardin-denfants-brand\/\" \/>\n<meta property=\"og:site_name\" content=\"Constructive Alps\" \/>\n<meta property=\"article:publisher\" content=\"https:\/\/web.facebook.com\/ConstructiveAlps\/\" \/>\n<meta property=\"article:published_time\" content=\"2019-12-09T13:12:45+00:00\" \/>\n<meta property=\"article:modified_time\" content=\"2021-11-09T09:19:26+00:00\" \/>\n<meta property=\"og:image\" content=\"https:\/\/www.constructivealps.net\/wp-content\/uploads\/2019\/09\/2017_VolksschuleBrandcAlbrechtSchnabel-1-1.jpg\" \/>\n\t<meta property=\"og:image:width\" content=\"2100\" \/>\n\t<meta property=\"og:image:height\" content=\"1422\" \/>\n<meta name=\"twitter:card\" content=\"summary_large_image\" \/>\n<meta name=\"twitter:label1\" content=\"Dur\u00e9e de lecture est.\">\n\t<meta name=\"twitter:data1\" content=\"5 minutes\">\n<script type=\"application\/ld+json\" class=\"yoast-schema-graph\">{\"@context\":\"https:\/\/schema.org\",\"@graph\":[{\"@type\":\"Organization\",\"@id\":\"https:\/\/www.constructivealps.net\/#organization\",\"name\":\"Constructive Alps\",\"url\":\"https:\/\/www.constructivealps.net\/\",\"sameAs\":[\"https:\/\/web.facebook.com\/ConstructiveAlps\/\",\"https:\/\/instagram.com\/constructivealps\/\",\"https:\/\/www.pinterest.de\/ConstructiveA\/\"],\"logo\":{\"@type\":\"ImageObject\",\"@id\":\"https:\/\/www.constructivealps.net\/#logo\",\"inLanguage\":\"fr-FR\",\"url\":null,\"contentUrl\":null,\"width\":null,\"height\":null,\"caption\":\"Constructive Alps\"},\"image\":{\"@id\":\"https:\/\/www.constructivealps.net\/#logo\"}},{\"@type\":\"WebSite\",\"@id\":\"https:\/\/www.constructivealps.net\/#website\",\"url\":\"https:\/\/www.constructivealps.net\/\",\"name\":\"Constructive Alps\",\"description\":\"Internationaler Preis f\\u00fcr nachhaltiges Sanieren und Bauen in den Alpen\",\"publisher\":{\"@id\":\"https:\/\/www.constructivealps.net\/#organization\"},\"potentialAction\":[{\"@type\":\"SearchAction\",\"target\":\"https:\/\/www.constructivealps.net\/?s={search_term_string}\",\"query-input\":\"required name=search_term_string\"}],\"inLanguage\":\"fr-FR\"},{\"@type\":\"ImageObject\",\"@id\":\"https:\/\/www.constructivealps.net\/fr\/ecole-primaire-et-jardin-denfants-brand\/#primaryimage\",\"inLanguage\":\"fr-FR\",\"url\":\"https:\/\/www.constructivealps.net\/wp-content\/uploads\/2019\/09\/2017_VolksschuleBrandcAlbrechtSchnabel-1-1.jpg\",\"contentUrl\":\"https:\/\/www.constructivealps.net\/wp-content\/uploads\/2019\/09\/2017_VolksschuleBrandcAlbrechtSchnabel-1-1.jpg\",\"width\":2100,\"height\":1422},{\"@type\":\"WebPage\",\"@id\":\"https:\/\/www.constructivealps.net\/fr\/ecole-primaire-et-jardin-denfants-brand\/#webpage\",\"url\":\"https:\/\/www.constructivealps.net\/fr\/ecole-primaire-et-jardin-denfants-brand\/\",\"name\":\"\\u00c9cole primaire et jardin d\\u2019enfants Brand | Constructive Alps\",\"isPartOf\":{\"@id\":\"https:\/\/www.constructivealps.net\/#website\"},\"primaryImageOfPage\":{\"@id\":\"https:\/\/www.constructivealps.net\/fr\/ecole-primaire-et-jardin-denfants-brand\/#primaryimage\"},\"datePublished\":\"2019-12-09T13:12:45+00:00\",\"dateModified\":\"2021-11-09T09:19:26+00:00\",\"description\":\"\\u00ab Les architectes jouent sur tous les registres de la durabilit\\u00e9 en renfor\\u00e7ant syst\\u00e9matiquement les \\u00e9l\\u00e9ments locaux. L\\u2019\\u00e9cole est un centre ouvert aux enfants, aux musiciens et aux associations. La structure en bois prolonge l\\u2019architecture du village et mise sur le savoir-faire des entreprises locales. Le b\\u00e2timent tire son \\u00e9nergie du sol. Il \\u00e9conomise ainsi des ressources, enrichit le patrimoine architectural et dynamise la communaut\\u00e9 villageoise. Des indices \\u00e9nerg\\u00e9tiques performants \\u00e0 la qualit\\u00e9 de l\\u2019agencement int\\u00e9rieur: \\u00e0 Brand tout est r\\u00e9uni \\u2013 en allemand: zemmako. \\u00bb\",\"breadcrumb\":{\"@id\":\"https:\/\/www.constructivealps.net\/fr\/ecole-primaire-et-jardin-denfants-brand\/#breadcrumb\"},\"inLanguage\":\"fr-FR\",\"potentialAction\":[{\"@type\":\"ReadAction\",\"target\":[\"https:\/\/www.constructivealps.net\/fr\/ecole-primaire-et-jardin-denfants-brand\/\"]}]},{\"@type\":\"BreadcrumbList\",\"@id\":\"https:\/\/www.constructivealps.net\/fr\/ecole-primaire-et-jardin-denfants-brand\/#breadcrumb\",\"itemListElement\":[{\"@type\":\"ListItem\",\"position\":1,\"item\":{\"@type\":\"WebPage\",\"@id\":\"https:\/\/www.constructivealps.net\/fr\/\",\"url\":\"https:\/\/www.constructivealps.net\/fr\/\",\"name\":\"Startseite\"}},{\"@type\":\"ListItem\",\"position\":2,\"item\":{\"@type\":\"WebPage\",\"@id\":\"https:\/\/www.constructivealps.net\/fr\/ecole-primaire-et-jardin-denfants-brand\/\",\"url\":\"https:\/\/www.constructivealps.net\/fr\/ecole-primaire-et-jardin-denfants-brand\/\",\"name\":\"\\u00c9cole primaire et jardin d\\u2019enfants Brand\"}}]},{\"@type\":\"Article\",\"@id\":\"https:\/\/www.constructivealps.net\/fr\/ecole-primaire-et-jardin-denfants-brand\/#article\",\"isPartOf\":{\"@id\":\"https:\/\/www.constructivealps.net\/fr\/ecole-primaire-et-jardin-denfants-brand\/#webpage\"},\"author\":{\"@id\":\"https:\/\/www.constructivealps.net\/#\/schema\/person\/deeeb9e6cb2b95462f03af1f6988e03e\"},\"headline\":\"\\u00c9cole primaire et jardin d\\u2019enfants Brand\",\"datePublished\":\"2019-12-09T13:12:45+00:00\",\"dateModified\":\"2021-11-09T09:19:26+00:00\",\"mainEntityOfPage\":{\"@id\":\"https:\/\/www.constructivealps.net\/fr\/ecole-primaire-et-jardin-denfants-brand\/#webpage\"},\"publisher\":{\"@id\":\"https:\/\/www.constructivealps.net\/#organization\"},\"image\":{\"@id\":\"https:\/\/www.constructivealps.net\/fr\/ecole-primaire-et-jardin-denfants-brand\/#primaryimage\"},\"keywords\":\"Laureat\",\"articleSection\":\"Projets\",\"inLanguage\":\"fr-FR\"},{\"@type\":\"Person\",\"@id\":\"https:\/\/www.constructivealps.net\/#\/schema\/person\/deeeb9e6cb2b95462f03af1f6988e03e\",\"name\":\"constructive\",\"image\":{\"@type\":\"ImageObject\",\"@id\":\"https:\/\/www.constructivealps.net\/#personlogo\",\"inLanguage\":\"fr-FR\",\"url\":\"https:\/\/secure.gravatar.com\/avatar\/b46d7f376bcdae473d47cf3d39c62f46?s=96&d=mm&r=g\",\"contentUrl\":\"https:\/\/secure.gravatar.com\/avatar\/b46d7f376bcdae473d47cf3d39c62f46?s=96&d=mm&r=g\",\"caption\":\"constructive\"}}]}<\/script>\n<!-- \/ Yoast SEO plugin. -->","_links":{"self":[{"href":"https:\/\/www.constructivealps.net\/fr\/wp-json\/wp\/v2\/posts\/4276"}],"collection":[{"href":"https:\/\/www.constructivealps.net\/fr\/wp-json\/wp\/v2\/posts"}],"about":[{"href":"https:\/\/www.constructivealps.net\/fr\/wp-json\/wp\/v2\/types\/post"}],"author":[{"embeddable":true,"href":"https:\/\/www.constructivealps.net\/fr\/wp-json\/wp\/v2\/users\/1"}],"replies":[{"embeddable":true,"href":"https:\/\/www.constructivealps.net\/fr\/wp-json\/wp\/v2\/comments?post=4276"}],"version-history":[{"count":4,"href":"https:\/\/www.constructivealps.net\/fr\/wp-json\/wp\/v2\/posts\/4276\/revisions"}],"predecessor-version":[{"id":8672,"href":"https:\/\/www.constructivealps.net\/fr\/wp-json\/wp\/v2\/posts\/4276\/revisions\/8672"}],"wp:featuredmedia":[{"embeddable":true,"href":"https:\/\/www.constructivealps.net\/fr\/wp-json\/wp\/v2\/media\/1658"}],"wp:attachment":[{"href":"https:\/\/www.constructivealps.net\/fr\/wp-json\/wp\/v2\/media?parent=4276"}],"wp:term":[{"taxonomy":"category","embeddable":true,"href":"https:\/\/www.constructivealps.net\/fr\/wp-json\/wp\/v2\/categories?post=4276"},{"taxonomy":"post_tag","embeddable":true,"href":"https:\/\/www.constructivealps.net\/fr\/wp-json\/wp\/v2\/tags?post=4276"}],"curies":[{"name":"wp","href":"https:\/\/api.w.org\/{rel}","templated":true}]}}