{"id":6513,"date":"2020-06-08T11:09:31","date_gmt":"2020-06-08T09:09:31","guid":{"rendered":"http:\/\/www.constructivealps.net\/halle-culturelle-et-economique-de-faverges\/"},"modified":"2020-09-23T16:23:39","modified_gmt":"2020-09-23T14:23:39","slug":"halle-culturelle-et-economique-de-faverges","status":"publish","type":"post","link":"https:\/\/www.constructivealps.net\/fr\/halle-culturelle-et-economique-de-faverges\/","title":{"rendered":"Halle culturelle et \u00e9conomique de Faverges"},"content":{"rendered":"<p><div class=\"fusion-fullwidth fullwidth-box fusion-builder-row-1 project-head hundred-percent-fullwidth non-hundred-percent-height-scrolling fusion-equal-height-columns\" style=\"background-color: #7eab52;background-position: center center;background-repeat: no-repeat;padding-top:0px;padding-right:0px;padding-bottom:0px;padding-left:0px;margin-bottom: 0px;border-width: 0px 0px 0px 0px;border-color:#eae9e9;border-style:solid;\" ><div class=\"fusion-builder-row fusion-row\"><div class=\"fusion-layout-column fusion_builder_column fusion-builder-column-0 fusion_builder_column_2_3 2_3 fusion-two-third fusion-column-first\" style=\"width:66.666666666667%;width:calc(66.666666666667% - ( ( 0 ) * 0.66666666666667 ) );margin-right: 0px;margin-top:0px;margin-bottom:0px;\"><div class=\"fusion-column-wrapper fusion-flex-column-wrapper-legacy\" style=\"background-position:left top;background-repeat:no-repeat;-webkit-background-size:cover;-moz-background-size:cover;-o-background-size:cover;background-size:cover;background-color:#7eab52;padding: 0px 0px 0px 0px;\"><span class=\" fusion-imageframe imageframe-none imageframe-1 hover-type-none head-img\" style=\"width:100%;max-width:100%;\"><a href=\"https:\/\/www.constructivealps.net\/wp-content\/uploads\/2020\/06\/HalleCulturelleFavergesecBeatrice-Cafieri-5.jpg\" class=\"fusion-lightbox\" data-rel=\"iLightbox[e7168e211c675fee579]\" data-caption=\"\u00a9 Beatrice Cafieri \" data-title=\"HalleCulturelleFavergese(c)Beatrice Cafieri (5)\" title=\"HalleCulturelleFavergese(c)Beatrice Cafieri (5)\"><img width=\"1200\" height=\"795\" src=\"https:\/\/www.constructivealps.net\/wp-content\/uploads\/2020\/06\/HalleCulturelleFavergesecBeatrice-Cafieri-5.jpg\" class=\"img-responsive wp-image-6176\" srcset=\"https:\/\/www.constructivealps.net\/wp-content\/uploads\/2020\/06\/HalleCulturelleFavergesecBeatrice-Cafieri-5-200x133.jpg 200w, https:\/\/www.constructivealps.net\/wp-content\/uploads\/2020\/06\/HalleCulturelleFavergesecBeatrice-Cafieri-5-400x265.jpg 400w, https:\/\/www.constructivealps.net\/wp-content\/uploads\/2020\/06\/HalleCulturelleFavergesecBeatrice-Cafieri-5-600x398.jpg 600w, https:\/\/www.constructivealps.net\/wp-content\/uploads\/2020\/06\/HalleCulturelleFavergesecBeatrice-Cafieri-5-800x530.jpg 800w, https:\/\/www.constructivealps.net\/wp-content\/uploads\/2020\/06\/HalleCulturelleFavergesecBeatrice-Cafieri-5.jpg 1200w\" sizes=\"(max-width: 1125px) 100vw, 1200px\" \/><\/a><\/span><div class=\"fusion-clearfix\"><\/div><\/div><\/div><div class=\"fusion-layout-column fusion_builder_column fusion-builder-column-1 fusion_builder_column_1_3 1_3 fusion-one-third fusion-column-last rating-box fusion-column-no-min-height\" style=\"width:33.333333333333%;width:calc(33.333333333333% - ( ( 0 ) * 0.33333333333333 ) );margin-top:0px;margin-bottom:0px;\"><div class=\"fusion-column-wrapper fusion-flex-column-wrapper-legacy\" style=\"background-position:left top;background-repeat:no-repeat;-webkit-background-size:cover;-moz-background-size:cover;-o-background-size:cover;background-size:cover;background-color:#7eab52;padding: 2vh 0px 2vh 0px;\"><div class=\"fusion-column-content-centered\"><div class=\"fusion-column-content\"><div class=\"imageframe-align-center\"><span class=\" fusion-imageframe imageframe-none imageframe-2 hover-type-none\"><img width=\"190\" height=\"210\" title=\"Button_Nominee\" src=\"https:\/\/www.constructivealps.net\/wp-content\/uploads\/2021\/07\/Button_Nominee.png\" class=\"img-responsive wp-image-8205\"\/><\/span><\/div><\/div><\/div><div class=\"fusion-clearfix\"><\/div><\/div><\/div><\/div><\/div><div class=\"fusion-fullwidth fullwidth-box fusion-builder-row-2 nonhundred-percent-fullwidth non-hundred-percent-height-scrolling\" style=\"background-color: rgba(255,255,255,0.9);background-position: center center;background-repeat: no-repeat;padding-top:0px;padding-right:0px;padding-bottom:0px;padding-left:0px;margin-bottom: 0px;margin-top: 0px;border-width: 0px 0px 0px 0px;border-color:#eae9e9;border-style:solid;\" ><div class=\"fusion-builder-row fusion-row\"><div class=\"fusion-layout-column fusion_builder_column fusion-builder-column-2 fusion_builder_column_1_1 1_1 fusion-one-full fusion-column-first fusion-column-last\" style=\"margin-top:0px;margin-bottom:0px;\"><div class=\"fusion-column-wrapper fusion-flex-column-wrapper-legacy\" style=\"background-position:left top;background-repeat:no-repeat;-webkit-background-size:cover;-moz-background-size:cover;-o-background-size:cover;background-size:cover;padding: 3vh 3% 0px 3%;\"><style type=\"text\/css\">@media only screen and (max-width:800px) {.fusion-title.fusion-title-1{margin-top:0px!important;margin-bottom:0px!important;}}<\/style><div class=\"fusion-title title fusion-title-1 fusion-sep-none fusion-title-text fusion-title-size-two\" style=\"margin-top:0px;margin-right:0px;margin-bottom:0px;margin-left:0px;\"><h2 class=\"title-heading-left\" style=\"margin:0;\">Halle culturelle et \u00e9conomique de Faverges<\/h2><\/div><div class=\"fusion-clearfix\"><\/div><\/div><\/div><\/div><\/div><div class=\"fusion-fullwidth fullwidth-box fusion-builder-row-3 project-content hundred-percent-fullwidth non-hundred-percent-height-scrolling fusion-equal-height-columns\" style=\"background-color: rgba(255,255,255,0.9);background-position: center center;background-repeat: no-repeat;background-blend-mode: overlay;padding-top:0px;padding-right:0px;padding-bottom:0px;padding-left:0px;margin-bottom: 0px;border-width: 0px 0px 0px 0px;border-color:#eae9e9;border-style:solid;\" ><div class=\"fusion-builder-row fusion-row\"><div class=\"fusion-layout-column fusion_builder_column fusion-builder-column-3 fusion_builder_column_1_2 1_2 fusion-one-half fusion-column-first\" style=\"width:50%;width:calc(50% - ( ( 0 ) * 0.5 ) );margin-right: 0px;margin-top:0px;margin-bottom:20px;\"><div class=\"fusion-column-wrapper fusion-flex-column-wrapper-legacy\" style=\"background-position:left top;background-repeat:no-repeat;-webkit-background-size:cover;-moz-background-size:cover;-o-background-size:cover;background-size:cover;padding: 3vh 6% 3% 6%;\"><div class=\"fusion-column-content-centered\"><div class=\"fusion-column-content\"><style type=\"text\/css\"><\/style><div class=\"fusion-title title fusion-title-2 fusion-sep-none fusion-title-text fusion-title-size-four\" style=\"margin-top:0px;margin-right:0px;margin-bottom:31px;margin-left:0px;\"><h4 class=\"title-heading-left\" style=\"margin:0;\">Rue de la r\u00e9publique, Faverges-Seythenex \/ FR<\/h4><\/div>\n<div class=\"table-1\">\n<table width=\"100%\">\n<tbody>\n<tr>\n<td align=\"left\"><strong>Pr\u00e9s\u00e9lectionn\u00e9s:<\/strong><\/td>\n<td align=\"left\"> 2020<\/td>\n<\/tr>\n<tr>\n<td align=\"left\"><strong>Propri\u00e9taire du b\u00e2timent :<\/strong><\/td>\n<td align=\"left\">Mairie de Faverges-Seythenex <\/td>\n<\/tr>\n<tr>\n<td align=\"left\"><strong>Architecture :<\/strong><\/td>\n<td align=\"left\">Adela Ciurea, Atelier Nao<\/td>\n<\/tr>\n<tr>\n<td align=\"left\"><strong>Co\u00fbts de construction :<\/strong><\/td>\n<td align=\"left\">\u20ac 1.18 Mio.<\/td>\n<\/tr>\n<tr>\n<td align=\"left\"><strong>Chiffres sur l&rsquo;\u00e9n\u00e9rgie :<\/strong><\/td>\n<td align=\"left\"> kWh \/ m\u00b2a<\/td>\n<\/tr>\n<tr>\n<td align=\"left\"><strong>Ann\u00e9e de construction :<\/strong><\/td>\n<td align=\"left\">2019<\/td>\n<\/tr>\n<tr>\n<td align=\"left\"><strong>Type de construction :<\/strong><\/td>\n<td align=\"left\">B\u00e2timent neuf<\/td>\n<\/tr>\n<tr>\n<td align=\"left\"><strong>Fonction du b\u00e2timent :<\/strong><\/td>\n<td align=\"left\">Usage collectif<\/td>\n<\/tr>\n<tr>\n<td align=\"left\"><strong>Article dans \u00ab\u00a0Hochparterre\u00a0\u00bb<\/strong><\/td>\n<td align=\"left\"><a href=\"\" target=\"_blank\" rel=\"noopener noreferrer\"><div class=\"fusion-fa-align-left\"><i class=\"fb-icon-element-1 fb-icon-element fontawesome-icon fa-file-pdf fas circle-yes\" style=\"font-size:13.2px;line-height:24.4px;height:26.4px;width:26.4px;border-width:1px;margin-right:7.5px;\"><\/i><\/div><style>i.fb-icon-element.fontawesome-icon.fb-icon-element-1{ color: #ffffff; background-color: #bb0706; border-color: #bb0706;}i.fb-icon-element.fontawesome-icon.fb-icon-element-1:hover { color: #ffffff; background-color: #bb0706; border-color: #bb0706;}<\/style><\/a><\/td>\n<\/tr>\n<\/tbody>\n<\/table>\n<\/div>\n<div class=\"fusion-text fusion-text-1 info-feld\"><pre><code>Tabellen Elemente die nicht gebraucht werden in Table (oben^^) in der Text Ansicht von und mit &lt;tr&gt; bis und mit &lt;\/tr&gt; l\u00f6schen oder auskommentieren &lt;!-- *&lt;tr&gt;...&lt;\/tr&gt;* --&gt;<\/code><\/pre>\n<\/div><div class=\"fusion-text fusion-text-2 info-feld\"><pre><code>Tabelle wird durch Projekt Info Felder generiert ---&gt;<\/code><\/pre>\n<\/div><\/div><\/div><div class=\"fusion-clearfix\"><\/div><\/div><\/div><div class=\"fusion-layout-column fusion_builder_column fusion-builder-column-4 fusion_builder_column_1_2 1_2 fusion-one-half fusion-column-last\" style=\"width:50%;width:calc(50% - ( ( 0 ) * 0.5 ) );margin-top:0px;margin-bottom:20px;\"><div class=\"fusion-column-wrapper fusion-flex-column-wrapper-legacy\" style=\"background-position:left top;background-repeat:no-repeat;-webkit-background-size:cover;-moz-background-size:cover;-o-background-size:cover;background-size:cover;padding: 6% 6% 3% 6%;\"><div class=\"fusion-column-content-centered\"><div class=\"fusion-column-content\"><div class=\"fusion-image-carousel fusion-image-carousel-auto lightbox-enabled fusion-carousel-border wp-caption\"><div class=\"fusion-carousel\" data-autoplay=\"yes\" data-columns=\"1\" data-itemmargin=\"0\" data-itemwidth=\"180\" data-touchscroll=\"no\" data-imagesize=\"auto\"><div class=\"fusion-carousel-positioner\"><ul class=\"fusion-carousel-holder\"><li class=\"fusion-carousel-item\"><div class=\"fusion-carousel-item-wrapper\"><div class=\"fusion-image-wrapper hover-type-zoomin\"><a data-rel=\"iLightbox[image_carousel_1]\" data-caption=\"\u00a9 Beatrice Cafieri \" data-title=\"HalleCulturelleFavergese(c)Beatrice Cafieri (2)\" aria-label=\"HalleCulturelleFavergese(c)Beatrice Cafieri (2)\" href=\"http:\/\/www.constructivealps.net\/wp-content\/uploads\/2020\/06\/HalleCulturelleFavergesecBeatrice-Cafieri-2-1024x707.jpg\" target=\"_self\"><img width=\"1200\" height=\"829\" src=\"https:\/\/www.constructivealps.net\/wp-content\/uploads\/2020\/06\/HalleCulturelleFavergesecBeatrice-Cafieri-2.jpg\" class=\"attachment-full size-full\" alt=\"\" srcset=\"https:\/\/www.constructivealps.net\/wp-content\/uploads\/2020\/06\/HalleCulturelleFavergesecBeatrice-Cafieri-2-200x138.jpg 200w, https:\/\/www.constructivealps.net\/wp-content\/uploads\/2020\/06\/HalleCulturelleFavergesecBeatrice-Cafieri-2-300x207.jpg 300w, https:\/\/www.constructivealps.net\/wp-content\/uploads\/2020\/06\/HalleCulturelleFavergesecBeatrice-Cafieri-2-400x276.jpg 400w, https:\/\/www.constructivealps.net\/wp-content\/uploads\/2020\/06\/HalleCulturelleFavergesecBeatrice-Cafieri-2-600x415.jpg 600w, https:\/\/www.constructivealps.net\/wp-content\/uploads\/2020\/06\/HalleCulturelleFavergesecBeatrice-Cafieri-2-768x531.jpg 768w, https:\/\/www.constructivealps.net\/wp-content\/uploads\/2020\/06\/HalleCulturelleFavergesecBeatrice-Cafieri-2-800x553.jpg 800w, https:\/\/www.constructivealps.net\/wp-content\/uploads\/2020\/06\/HalleCulturelleFavergesecBeatrice-Cafieri-2-1024x707.jpg 1024w, https:\/\/www.constructivealps.net\/wp-content\/uploads\/2020\/06\/HalleCulturelleFavergesecBeatrice-Cafieri-2.jpg 1200w\" sizes=\"(max-width: 1200px) 100vw, 1200px\" \/><\/a><\/div><\/div><\/li><li class=\"fusion-carousel-item\"><div class=\"fusion-carousel-item-wrapper\"><div class=\"fusion-image-wrapper hover-type-zoomin\"><a data-rel=\"iLightbox[image_carousel_1]\" data-caption=\"\u00a9 Beatrice Cafieri \" data-title=\"HalleCulturelleFavergese(c)Beatrice Cafieri (1)\" aria-label=\"HalleCulturelleFavergese(c)Beatrice Cafieri (1)\" href=\"http:\/\/www.constructivealps.net\/wp-content\/uploads\/2020\/06\/HalleCulturelleFavergesecBeatrice-Cafieri-1-1024x681.jpg\" target=\"_self\"><img width=\"1200\" height=\"798\" src=\"https:\/\/www.constructivealps.net\/wp-content\/uploads\/2020\/06\/HalleCulturelleFavergesecBeatrice-Cafieri-1.jpg\" class=\"attachment-full size-full\" alt=\"\" srcset=\"https:\/\/www.constructivealps.net\/wp-content\/uploads\/2020\/06\/HalleCulturelleFavergesecBeatrice-Cafieri-1-200x133.jpg 200w, https:\/\/www.constructivealps.net\/wp-content\/uploads\/2020\/06\/HalleCulturelleFavergesecBeatrice-Cafieri-1-300x200.jpg 300w, https:\/\/www.constructivealps.net\/wp-content\/uploads\/2020\/06\/HalleCulturelleFavergesecBeatrice-Cafieri-1-400x266.jpg 400w, https:\/\/www.constructivealps.net\/wp-content\/uploads\/2020\/06\/HalleCulturelleFavergesecBeatrice-Cafieri-1-600x399.jpg 600w, https:\/\/www.constructivealps.net\/wp-content\/uploads\/2020\/06\/HalleCulturelleFavergesecBeatrice-Cafieri-1-768x511.jpg 768w, https:\/\/www.constructivealps.net\/wp-content\/uploads\/2020\/06\/HalleCulturelleFavergesecBeatrice-Cafieri-1-800x532.jpg 800w, https:\/\/www.constructivealps.net\/wp-content\/uploads\/2020\/06\/HalleCulturelleFavergesecBeatrice-Cafieri-1-1024x681.jpg 1024w, https:\/\/www.constructivealps.net\/wp-content\/uploads\/2020\/06\/HalleCulturelleFavergesecBeatrice-Cafieri-1.jpg 1200w\" sizes=\"(max-width: 1200px) 100vw, 1200px\" \/><\/a><\/div><\/div><\/li><li class=\"fusion-carousel-item\"><div class=\"fusion-carousel-item-wrapper\"><div class=\"fusion-image-wrapper hover-type-zoomin\"><a data-rel=\"iLightbox[image_carousel_1]\" data-caption=\"\u00a9 Beatrice Cafieri \" data-title=\"HalleCulturelleFavergese(c)Beatrice Cafieri (4)\" aria-label=\"HalleCulturelleFavergese(c)Beatrice Cafieri (4)\" href=\"http:\/\/www.constructivealps.net\/wp-content\/uploads\/2020\/06\/HalleCulturelleFavergesecBeatrice-Cafieri-4-1024x667.jpg\" target=\"_self\"><img width=\"1200\" height=\"782\" src=\"https:\/\/www.constructivealps.net\/wp-content\/uploads\/2020\/06\/HalleCulturelleFavergesecBeatrice-Cafieri-4.jpg\" class=\"attachment-full size-full\" alt=\"\" srcset=\"https:\/\/www.constructivealps.net\/wp-content\/uploads\/2020\/06\/HalleCulturelleFavergesecBeatrice-Cafieri-4-200x130.jpg 200w, https:\/\/www.constructivealps.net\/wp-content\/uploads\/2020\/06\/HalleCulturelleFavergesecBeatrice-Cafieri-4-300x196.jpg 300w, https:\/\/www.constructivealps.net\/wp-content\/uploads\/2020\/06\/HalleCulturelleFavergesecBeatrice-Cafieri-4-400x261.jpg 400w, https:\/\/www.constructivealps.net\/wp-content\/uploads\/2020\/06\/HalleCulturelleFavergesecBeatrice-Cafieri-4-600x391.jpg 600w, https:\/\/www.constructivealps.net\/wp-content\/uploads\/2020\/06\/HalleCulturelleFavergesecBeatrice-Cafieri-4-768x500.jpg 768w, https:\/\/www.constructivealps.net\/wp-content\/uploads\/2020\/06\/HalleCulturelleFavergesecBeatrice-Cafieri-4-800x521.jpg 800w, https:\/\/www.constructivealps.net\/wp-content\/uploads\/2020\/06\/HalleCulturelleFavergesecBeatrice-Cafieri-4-1024x667.jpg 1024w, https:\/\/www.constructivealps.net\/wp-content\/uploads\/2020\/06\/HalleCulturelleFavergesecBeatrice-Cafieri-4.jpg 1200w\" sizes=\"(max-width: 1200px) 100vw, 1200px\" \/><\/a><\/div><\/div><\/li><li class=\"fusion-carousel-item\"><div class=\"fusion-carousel-item-wrapper\"><div class=\"fusion-image-wrapper hover-type-zoomin\"><a data-rel=\"iLightbox[image_carousel_1]\" data-caption=\"\u00a9 Beatrice Cafieri \" data-title=\"HalleCulturelleFavergese(c)Beatrice Cafieri (5)\" aria-label=\"HalleCulturelleFavergese(c)Beatrice Cafieri (5)\" href=\"http:\/\/www.constructivealps.net\/wp-content\/uploads\/2020\/06\/HalleCulturelleFavergesecBeatrice-Cafieri-5-1024x678.jpg\" target=\"_self\"><img width=\"1200\" height=\"795\" src=\"https:\/\/www.constructivealps.net\/wp-content\/uploads\/2020\/06\/HalleCulturelleFavergesecBeatrice-Cafieri-5.jpg\" class=\"attachment-full size-full\" alt=\"\" srcset=\"https:\/\/www.constructivealps.net\/wp-content\/uploads\/2020\/06\/HalleCulturelleFavergesecBeatrice-Cafieri-5-200x133.jpg 200w, https:\/\/www.constructivealps.net\/wp-content\/uploads\/2020\/06\/HalleCulturelleFavergesecBeatrice-Cafieri-5-300x199.jpg 300w, https:\/\/www.constructivealps.net\/wp-content\/uploads\/2020\/06\/HalleCulturelleFavergesecBeatrice-Cafieri-5-400x265.jpg 400w, https:\/\/www.constructivealps.net\/wp-content\/uploads\/2020\/06\/HalleCulturelleFavergesecBeatrice-Cafieri-5-600x398.jpg 600w, https:\/\/www.constructivealps.net\/wp-content\/uploads\/2020\/06\/HalleCulturelleFavergesecBeatrice-Cafieri-5-768x509.jpg 768w, https:\/\/www.constructivealps.net\/wp-content\/uploads\/2020\/06\/HalleCulturelleFavergesecBeatrice-Cafieri-5-800x530.jpg 800w, https:\/\/www.constructivealps.net\/wp-content\/uploads\/2020\/06\/HalleCulturelleFavergesecBeatrice-Cafieri-5-1024x678.jpg 1024w, https:\/\/www.constructivealps.net\/wp-content\/uploads\/2020\/06\/HalleCulturelleFavergesecBeatrice-Cafieri-5.jpg 1200w\" sizes=\"(max-width: 1200px) 100vw, 1200px\" \/><\/a><\/div><\/div><\/li><li class=\"fusion-carousel-item\"><div class=\"fusion-carousel-item-wrapper\"><div class=\"fusion-image-wrapper hover-type-zoomin\"><a data-rel=\"iLightbox[image_carousel_1]\" data-caption=\"\u00a9 Beatrice Cafieri \" data-title=\"HalleCulturelleFavergese(c)Beatrice Cafieri (3)\" aria-label=\"HalleCulturelleFavergese(c)Beatrice Cafieri (3)\" href=\"http:\/\/www.constructivealps.net\/wp-content\/uploads\/2020\/06\/HalleCulturelleFavergesecBeatrice-Cafieri-3-1024x681.jpg\" target=\"_self\"><img width=\"1200\" height=\"798\" src=\"https:\/\/www.constructivealps.net\/wp-content\/uploads\/2020\/06\/HalleCulturelleFavergesecBeatrice-Cafieri-3.jpg\" class=\"attachment-full size-full\" alt=\"\" srcset=\"https:\/\/www.constructivealps.net\/wp-content\/uploads\/2020\/06\/HalleCulturelleFavergesecBeatrice-Cafieri-3-200x133.jpg 200w, https:\/\/www.constructivealps.net\/wp-content\/uploads\/2020\/06\/HalleCulturelleFavergesecBeatrice-Cafieri-3-300x200.jpg 300w, https:\/\/www.constructivealps.net\/wp-content\/uploads\/2020\/06\/HalleCulturelleFavergesecBeatrice-Cafieri-3-400x266.jpg 400w, https:\/\/www.constructivealps.net\/wp-content\/uploads\/2020\/06\/HalleCulturelleFavergesecBeatrice-Cafieri-3-600x399.jpg 600w, https:\/\/www.constructivealps.net\/wp-content\/uploads\/2020\/06\/HalleCulturelleFavergesecBeatrice-Cafieri-3-768x511.jpg 768w, https:\/\/www.constructivealps.net\/wp-content\/uploads\/2020\/06\/HalleCulturelleFavergesecBeatrice-Cafieri-3-800x532.jpg 800w, https:\/\/www.constructivealps.net\/wp-content\/uploads\/2020\/06\/HalleCulturelleFavergesecBeatrice-Cafieri-3-1024x681.jpg 1024w, https:\/\/www.constructivealps.net\/wp-content\/uploads\/2020\/06\/HalleCulturelleFavergesecBeatrice-Cafieri-3.jpg 1200w\" sizes=\"(max-width: 1200px) 100vw, 1200px\" \/><\/a><\/div><\/div><\/li><\/ul><div class=\"fusion-carousel-nav\"><span class=\"fusion-nav-prev\"><\/span><span class=\"fusion-nav-next\"><\/span><\/div><\/div><\/div><\/div><\/div><\/div><div class=\"fusion-clearfix\"><\/div><\/div><\/div><\/div><\/div><div class=\"fusion-fullwidth fullwidth-box fusion-builder-row-4 project-content hundred-percent-fullwidth non-hundred-percent-height-scrolling fusion-equal-height-columns\" style=\"background-color: rgba(255,255,255,0.9);background-position: center center;background-repeat: no-repeat;background-blend-mode: overlay;padding-top:0px;padding-right:0px;padding-bottom:0px;padding-left:0px;border-width: 0px 0px 0px 0px;border-color:#eae9e9;border-style:solid;\" ><div class=\"fusion-builder-row fusion-row\"><div class=\"fusion-layout-column fusion_builder_column fusion-builder-column-5 fusion_builder_column_1_1 1_1 fusion-one-full fusion-column-first fusion-column-last\" style=\"margin-top:0px;margin-bottom:20px;\"><div class=\"fusion-column-wrapper fusion-flex-column-wrapper-legacy\" style=\"background-position:left top;background-repeat:no-repeat;-webkit-background-size:cover;-moz-background-size:cover;-o-background-size:cover;background-size:cover;padding: 1% 6% 6% 6%;\"><div class=\"fusion-text fusion-text-3\"><h3 style=\"text-align: center;\">En quoi ce projet est-il particulier ?<\/h3>\n<p style=\"text-align: center;\">En red\u00e9finissant le coeur battant de la ville par son implantation centrale, la halle culturelle et \u00e9conomique de Faverges, offre, sous son large toit, un lieu de vie public et accessible \u00e0 tous. Elle peut se transformer en salle de spectacle avec sa sc\u00e8ne r\u00e9tractable et les grands volets en bois sur trois de ses faces. Son langage architectural est fort et calme, s\u2019imposant sans \u00e9craser, pr\u00e9sent mais avec simplicit\u00e9. La for\u00eat de poteaux, en douglas, se termine en une frondaison d\u2019arbal\u00e9triers, entre lesquels filtre la lumi\u00e8re. Les feuilles de cette for\u00eat sont les tavaillons de bois de ch\u00e2taigner refendus, technique traditionnelle locale dont il nous plait d\u2019assurer la permanence tant elle est \u00e9l\u00e9gante et \u00e9conome en \u00e9nergie grise. La multiplicit\u00e9 des usages propos\u00e9s, le choix des mat\u00e9riaux massifs, locaux et naturellement durables, le dessin architectural garantissant la p\u00e9rennit\u00e9 des mat\u00e9riaux, les dispositifs low-tech, tels que les volets en bois, en font un projet r\u00e9solument durable.<\/p>\n<\/div><div class=\"fusion-clearfix\"><\/div><\/div><\/div><\/div><\/div><\/p>\n","protected":false},"excerpt":{"rendered":"","protected":false},"author":1,"featured_media":6176,"comment_status":"closed","ping_status":"closed","sticky":false,"template":"","format":"standard","meta":[],"categories":[88,68],"tags":[],"yoast_head":"<!-- This site is optimized with the Yoast SEO plugin v16.1.1 - https:\/\/yoast.com\/wordpress\/plugins\/seo\/ -->\n<title>Halle culturelle et \u00e9conomique de Faverges | Constructive Alps<\/title>\n<meta name=\"description\" content=\"projet 2020\" \/>\n<link rel=\"canonical\" href=\"https:\/\/www.constructivealps.net\/fr\/halle-culturelle-et-economique-de-faverges\/\" \/>\n<meta property=\"og:locale\" content=\"fr_FR\" \/>\n<meta property=\"og:type\" content=\"article\" \/>\n<meta property=\"og:title\" content=\"Halle culturelle et \u00e9conomique de Faverges | Constructive Alps\" \/>\n<meta property=\"og:description\" content=\"projet 2020\" \/>\n<meta property=\"og:url\" content=\"https:\/\/www.constructivealps.net\/fr\/halle-culturelle-et-economique-de-faverges\/\" \/>\n<meta property=\"og:site_name\" content=\"Constructive Alps\" \/>\n<meta property=\"article:publisher\" content=\"https:\/\/web.facebook.com\/ConstructiveAlps\/\" \/>\n<meta property=\"article:published_time\" content=\"2020-06-08T09:09:31+00:00\" \/>\n<meta property=\"article:modified_time\" content=\"2020-09-23T14:23:39+00:00\" \/>\n<meta property=\"og:image\" content=\"https:\/\/www.constructivealps.net\/wp-content\/uploads\/2020\/06\/HalleCulturelleFavergesecBeatrice-Cafieri-5.jpg\" \/>\n\t<meta property=\"og:image:width\" content=\"1200\" \/>\n\t<meta property=\"og:image:height\" content=\"795\" \/>\n<meta name=\"twitter:card\" content=\"summary_large_image\" \/>\n<meta name=\"twitter:label1\" content=\"Dur\u00e9e de lecture est.\">\n\t<meta name=\"twitter:data1\" content=\"11 minutes\">\n<script type=\"application\/ld+json\" class=\"yoast-schema-graph\">{\"@context\":\"https:\/\/schema.org\",\"@graph\":[{\"@type\":\"Organization\",\"@id\":\"https:\/\/www.constructivealps.net\/#organization\",\"name\":\"Constructive Alps\",\"url\":\"https:\/\/www.constructivealps.net\/\",\"sameAs\":[\"https:\/\/web.facebook.com\/ConstructiveAlps\/\",\"https:\/\/instagram.com\/constructivealps\/\",\"https:\/\/www.pinterest.de\/ConstructiveA\/\"],\"logo\":{\"@type\":\"ImageObject\",\"@id\":\"https:\/\/www.constructivealps.net\/#logo\",\"inLanguage\":\"fr-FR\",\"url\":null,\"contentUrl\":null,\"width\":null,\"height\":null,\"caption\":\"Constructive Alps\"},\"image\":{\"@id\":\"https:\/\/www.constructivealps.net\/#logo\"}},{\"@type\":\"WebSite\",\"@id\":\"https:\/\/www.constructivealps.net\/#website\",\"url\":\"https:\/\/www.constructivealps.net\/\",\"name\":\"Constructive Alps\",\"description\":\"Internationaler Preis f\\u00fcr nachhaltiges Sanieren und Bauen in den Alpen\",\"publisher\":{\"@id\":\"https:\/\/www.constructivealps.net\/#organization\"},\"potentialAction\":[{\"@type\":\"SearchAction\",\"target\":\"https:\/\/www.constructivealps.net\/?s={search_term_string}\",\"query-input\":\"required name=search_term_string\"}],\"inLanguage\":\"fr-FR\"},{\"@type\":\"ImageObject\",\"@id\":\"https:\/\/www.constructivealps.net\/fr\/halle-culturelle-et-economique-de-faverges\/#primaryimage\",\"inLanguage\":\"fr-FR\",\"url\":\"https:\/\/www.constructivealps.net\/wp-content\/uploads\/2020\/06\/HalleCulturelleFavergesecBeatrice-Cafieri-5.jpg\",\"contentUrl\":\"https:\/\/www.constructivealps.net\/wp-content\/uploads\/2020\/06\/HalleCulturelleFavergesecBeatrice-Cafieri-5.jpg\",\"width\":1200,\"height\":795,\"caption\":\"\\u00a9 Beatrice Cafieri\"},{\"@type\":\"WebPage\",\"@id\":\"https:\/\/www.constructivealps.net\/fr\/halle-culturelle-et-economique-de-faverges\/#webpage\",\"url\":\"https:\/\/www.constructivealps.net\/fr\/halle-culturelle-et-economique-de-faverges\/\",\"name\":\"Halle culturelle et \\u00e9conomique de Faverges | Constructive Alps\",\"isPartOf\":{\"@id\":\"https:\/\/www.constructivealps.net\/#website\"},\"primaryImageOfPage\":{\"@id\":\"https:\/\/www.constructivealps.net\/fr\/halle-culturelle-et-economique-de-faverges\/#primaryimage\"},\"datePublished\":\"2020-06-08T09:09:31+00:00\",\"dateModified\":\"2020-09-23T14:23:39+00:00\",\"description\":\"projet 2020\",\"breadcrumb\":{\"@id\":\"https:\/\/www.constructivealps.net\/fr\/halle-culturelle-et-economique-de-faverges\/#breadcrumb\"},\"inLanguage\":\"fr-FR\",\"potentialAction\":[{\"@type\":\"ReadAction\",\"target\":[\"https:\/\/www.constructivealps.net\/fr\/halle-culturelle-et-economique-de-faverges\/\"]}]},{\"@type\":\"BreadcrumbList\",\"@id\":\"https:\/\/www.constructivealps.net\/fr\/halle-culturelle-et-economique-de-faverges\/#breadcrumb\",\"itemListElement\":[{\"@type\":\"ListItem\",\"position\":1,\"item\":{\"@type\":\"WebPage\",\"@id\":\"https:\/\/www.constructivealps.net\/fr\/\",\"url\":\"https:\/\/www.constructivealps.net\/fr\/\",\"name\":\"Startseite\"}},{\"@type\":\"ListItem\",\"position\":2,\"item\":{\"@type\":\"WebPage\",\"@id\":\"https:\/\/www.constructivealps.net\/fr\/halle-culturelle-et-economique-de-faverges\/\",\"url\":\"https:\/\/www.constructivealps.net\/fr\/halle-culturelle-et-economique-de-faverges\/\",\"name\":\"Halle culturelle et \\u00e9conomique de Faverges\"}}]},{\"@type\":\"Article\",\"@id\":\"https:\/\/www.constructivealps.net\/fr\/halle-culturelle-et-economique-de-faverges\/#article\",\"isPartOf\":{\"@id\":\"https:\/\/www.constructivealps.net\/fr\/halle-culturelle-et-economique-de-faverges\/#webpage\"},\"author\":{\"@id\":\"https:\/\/www.constructivealps.net\/#\/schema\/person\/deeeb9e6cb2b95462f03af1f6988e03e\"},\"headline\":\"Halle culturelle et \\u00e9conomique de Faverges\",\"datePublished\":\"2020-06-08T09:09:31+00:00\",\"dateModified\":\"2020-09-23T14:23:39+00:00\",\"mainEntityOfPage\":{\"@id\":\"https:\/\/www.constructivealps.net\/fr\/halle-culturelle-et-economique-de-faverges\/#webpage\"},\"publisher\":{\"@id\":\"https:\/\/www.constructivealps.net\/#organization\"},\"image\":{\"@id\":\"https:\/\/www.constructivealps.net\/fr\/halle-culturelle-et-economique-de-faverges\/#primaryimage\"},\"articleSection\":\"Projet 2020,Projets\",\"inLanguage\":\"fr-FR\"},{\"@type\":\"Person\",\"@id\":\"https:\/\/www.constructivealps.net\/#\/schema\/person\/deeeb9e6cb2b95462f03af1f6988e03e\",\"name\":\"constructive\",\"image\":{\"@type\":\"ImageObject\",\"@id\":\"https:\/\/www.constructivealps.net\/#personlogo\",\"inLanguage\":\"fr-FR\",\"url\":\"https:\/\/secure.gravatar.com\/avatar\/b46d7f376bcdae473d47cf3d39c62f46?s=96&d=mm&r=g\",\"contentUrl\":\"https:\/\/secure.gravatar.com\/avatar\/b46d7f376bcdae473d47cf3d39c62f46?s=96&d=mm&r=g\",\"caption\":\"constructive\"}}]}<\/script>\n<!-- \/ Yoast SEO plugin. -->","_links":{"self":[{"href":"https:\/\/www.constructivealps.net\/fr\/wp-json\/wp\/v2\/posts\/6513"}],"collection":[{"href":"https:\/\/www.constructivealps.net\/fr\/wp-json\/wp\/v2\/posts"}],"about":[{"href":"https:\/\/www.constructivealps.net\/fr\/wp-json\/wp\/v2\/types\/post"}],"author":[{"embeddable":true,"href":"https:\/\/www.constructivealps.net\/fr\/wp-json\/wp\/v2\/users\/1"}],"replies":[{"embeddable":true,"href":"https:\/\/www.constructivealps.net\/fr\/wp-json\/wp\/v2\/comments?post=6513"}],"version-history":[{"count":11,"href":"https:\/\/www.constructivealps.net\/fr\/wp-json\/wp\/v2\/posts\/6513\/revisions"}],"predecessor-version":[{"id":7245,"href":"https:\/\/www.constructivealps.net\/fr\/wp-json\/wp\/v2\/posts\/6513\/revisions\/7245"}],"wp:featuredmedia":[{"embeddable":true,"href":"https:\/\/www.constructivealps.net\/fr\/wp-json\/wp\/v2\/media\/6176"}],"wp:attachment":[{"href":"https:\/\/www.constructivealps.net\/fr\/wp-json\/wp\/v2\/media?parent=6513"}],"wp:term":[{"taxonomy":"category","embeddable":true,"href":"https:\/\/www.constructivealps.net\/fr\/wp-json\/wp\/v2\/categories?post=6513"},{"taxonomy":"post_tag","embeddable":true,"href":"https:\/\/www.constructivealps.net\/fr\/wp-json\/wp\/v2\/tags?post=6513"}],"curies":[{"name":"wp","href":"https:\/\/api.w.org\/{rel}","templated":true}]}}