{"id":6797,"date":"2020-06-08T18:46:32","date_gmt":"2020-06-08T16:46:32","guid":{"rendered":"http:\/\/www.constructivealps.net\/residence-pour-personnes-agees-de-schechen\/"},"modified":"2020-09-22T11:57:19","modified_gmt":"2020-09-22T09:57:19","slug":"residence-pour-personnes-agees-de-schechen","status":"publish","type":"post","link":"https:\/\/www.constructivealps.net\/fr\/residence-pour-personnes-agees-de-schechen\/","title":{"rendered":"R\u00e9sidence pour personnes \u00e2g\u00e9es de Schechen"},"content":{"rendered":"<p><div class=\"fusion-fullwidth fullwidth-box fusion-builder-row-1 project-head hundred-percent-fullwidth non-hundred-percent-height-scrolling fusion-equal-height-columns\" style=\"background-color: #7eab52;background-position: center center;background-repeat: no-repeat;padding-top:0px;padding-right:0px;padding-bottom:0px;padding-left:0px;margin-bottom: 0px;border-width: 0px 0px 0px 0px;border-color:#eae9e9;border-style:solid;\" ><div class=\"fusion-builder-row fusion-row\"><div class=\"fusion-layout-column fusion_builder_column fusion-builder-column-0 fusion_builder_column_2_3 2_3 fusion-two-third fusion-column-first\" style=\"width:66.666666666667%;width:calc(66.666666666667% - ( ( 0 ) * 0.66666666666667 ) );margin-right: 0px;margin-top:0px;margin-bottom:0px;\"><div class=\"fusion-column-wrapper fusion-flex-column-wrapper-legacy\" style=\"background-position:left top;background-repeat:no-repeat;-webkit-background-size:cover;-moz-background-size:cover;-o-background-size:cover;background-size:cover;background-color:#7eab52;padding: 0px 0px 0px 0px;\"><span class=\" fusion-imageframe imageframe-none imageframe-1 hover-type-none head-img\" style=\"width:100%;max-width:100%;\"><a href=\"https:\/\/www.constructivealps.net\/wp-content\/uploads\/2020\/06\/SeniorenwohnenSchechencmarius-ballasus-2.jpg\" class=\"fusion-lightbox\" data-rel=\"iLightbox[86aacaf3e3569dfcbb0]\" data-caption=\"\u00a9 Marius Ballasus\" data-title=\"Deppisch Architekten &#8211; Schechen\" title=\"Deppisch Architekten &#8211; Schechen\"><img width=\"1200\" height=\"800\" src=\"https:\/\/www.constructivealps.net\/wp-content\/uploads\/2020\/06\/SeniorenwohnenSchechencmarius-ballasus-2.jpg\" class=\"img-responsive wp-image-6421\" srcset=\"https:\/\/www.constructivealps.net\/wp-content\/uploads\/2020\/06\/SeniorenwohnenSchechencmarius-ballasus-2-200x133.jpg 200w, https:\/\/www.constructivealps.net\/wp-content\/uploads\/2020\/06\/SeniorenwohnenSchechencmarius-ballasus-2-400x267.jpg 400w, https:\/\/www.constructivealps.net\/wp-content\/uploads\/2020\/06\/SeniorenwohnenSchechencmarius-ballasus-2-600x400.jpg 600w, https:\/\/www.constructivealps.net\/wp-content\/uploads\/2020\/06\/SeniorenwohnenSchechencmarius-ballasus-2-800x533.jpg 800w, https:\/\/www.constructivealps.net\/wp-content\/uploads\/2020\/06\/SeniorenwohnenSchechencmarius-ballasus-2.jpg 1200w\" sizes=\"(max-width: 1125px) 100vw, 1200px\" \/><\/a><\/span><div class=\"fusion-clearfix\"><\/div><\/div><\/div><div class=\"fusion-layout-column fusion_builder_column fusion-builder-column-1 fusion_builder_column_1_3 1_3 fusion-one-third fusion-column-last rating-box fusion-column-no-min-height\" style=\"width:33.333333333333%;width:calc(33.333333333333% - ( ( 0 ) * 0.33333333333333 ) );margin-top:0px;margin-bottom:0px;\"><div class=\"fusion-column-wrapper fusion-flex-column-wrapper-legacy\" style=\"background-position:left top;background-repeat:no-repeat;-webkit-background-size:cover;-moz-background-size:cover;-o-background-size:cover;background-size:cover;background-color:#7eab52;padding: 2vh 0px 2vh 0px;\"><div class=\"fusion-column-content-centered\"><div class=\"fusion-column-content\"><div class=\"imageframe-align-center\"><span class=\" fusion-imageframe imageframe-none imageframe-2 hover-type-none\"><img width=\"190\" height=\"210\" title=\"Button_Nominee\" src=\"https:\/\/www.constructivealps.net\/wp-content\/uploads\/2021\/07\/Button_Nominee.png\" class=\"img-responsive wp-image-8205\"\/><\/span><\/div><\/div><\/div><div class=\"fusion-clearfix\"><\/div><\/div><\/div><\/div><\/div><div class=\"fusion-fullwidth fullwidth-box fusion-builder-row-2 nonhundred-percent-fullwidth non-hundred-percent-height-scrolling\" style=\"background-color: rgba(255,255,255,0.9);background-position: center center;background-repeat: no-repeat;padding-top:0px;padding-right:0px;padding-bottom:0px;padding-left:0px;margin-bottom: 0px;margin-top: 0px;border-width: 0px 0px 0px 0px;border-color:#eae9e9;border-style:solid;\" ><div class=\"fusion-builder-row fusion-row\"><div class=\"fusion-layout-column fusion_builder_column fusion-builder-column-2 fusion_builder_column_1_1 1_1 fusion-one-full fusion-column-first fusion-column-last\" style=\"margin-top:0px;margin-bottom:0px;\"><div class=\"fusion-column-wrapper fusion-flex-column-wrapper-legacy\" style=\"background-position:left top;background-repeat:no-repeat;-webkit-background-size:cover;-moz-background-size:cover;-o-background-size:cover;background-size:cover;padding: 3vh 3% 0px 3%;\"><style type=\"text\/css\">@media only screen and (max-width:800px) {.fusion-title.fusion-title-1{margin-top:0px!important;margin-bottom:0px!important;}}<\/style><div class=\"fusion-title title fusion-title-1 fusion-sep-none fusion-title-text fusion-title-size-two\" style=\"margin-top:0px;margin-right:0px;margin-bottom:0px;margin-left:0px;\"><h2 class=\"title-heading-left\" style=\"margin:0;\">R\u00e9sidence pour personnes \u00e2g\u00e9es de Schechen<\/h2><\/div><div class=\"fusion-clearfix\"><\/div><\/div><\/div><\/div><\/div><div class=\"fusion-fullwidth fullwidth-box fusion-builder-row-3 project-content hundred-percent-fullwidth non-hundred-percent-height-scrolling fusion-equal-height-columns\" style=\"background-color: rgba(255,255,255,0.9);background-position: center center;background-repeat: no-repeat;background-blend-mode: overlay;padding-top:0px;padding-right:0px;padding-bottom:0px;padding-left:0px;margin-bottom: 0px;border-width: 0px 0px 0px 0px;border-color:#eae9e9;border-style:solid;\" ><div class=\"fusion-builder-row fusion-row\"><div class=\"fusion-layout-column fusion_builder_column fusion-builder-column-3 fusion_builder_column_1_2 1_2 fusion-one-half fusion-column-first\" style=\"width:50%;width:calc(50% - ( ( 0 ) * 0.5 ) );margin-right: 0px;margin-top:0px;margin-bottom:20px;\"><div class=\"fusion-column-wrapper fusion-flex-column-wrapper-legacy\" style=\"background-position:left top;background-repeat:no-repeat;-webkit-background-size:cover;-moz-background-size:cover;-o-background-size:cover;background-size:cover;padding: 3vh 6% 3% 6%;\"><div class=\"fusion-column-content-centered\"><div class=\"fusion-column-content\"><style type=\"text\/css\"><\/style><div class=\"fusion-title title fusion-title-2 fusion-sep-none fusion-title-text fusion-title-size-four\" style=\"margin-top:0px;margin-right:0px;margin-bottom:31px;margin-left:0px;\"><h4 class=\"title-heading-left\" style=\"margin:0;\">Marienberger Str. 13, Schechen \/ DE<\/h4><\/div>\n<div class=\"table-1\">\n<table width=\"100%\">\n<tbody>\n<tr>\n<td align=\"left\"><strong>Pr\u00e9s\u00e9lectionn\u00e9s:<\/strong><\/td>\n<td align=\"left\"> 2020<\/td>\n<\/tr>\n<tr>\n<td align=\"left\"><strong>Propri\u00e9taire du b\u00e2timent :<\/strong><\/td>\n<td align=\"left\">Gemeinde Schechen<\/td>\n<\/tr>\n<tr>\n<td align=\"left\"><strong>Architecture :<\/strong><\/td>\n<td align=\"left\">Deppisch Architekten GmbH<\/td>\n<\/tr>\n<tr>\n<td align=\"left\"><strong>Statique :<\/strong><\/td>\n<td align=\"left\">Planungsgesellschaft Dittrich<\/td>\n<\/tr>\n<tr>\n<td align=\"left\"><strong>Co\u00fbts de construction :<\/strong><\/td>\n<td align=\"left\">\u20ac 2.37 Mio<\/td>\n<\/tr>\n<tr>\n<td align=\"left\"><strong>Chiffres sur l&rsquo;\u00e9n\u00e9rgie :<\/strong><\/td>\n<td align=\"left\">71 kWh \/ m\u00b2a<\/td>\n<\/tr>\n<tr>\n<td align=\"left\"><strong>Ann\u00e9e de construction :<\/strong><\/td>\n<td align=\"left\">2018<\/td>\n<\/tr>\n<tr>\n<td align=\"left\"><strong>Type de construction :<\/strong><\/td>\n<td align=\"left\">B\u00e2timent neuf<\/td>\n<\/tr>\n<tr>\n<td align=\"left\"><strong>Fonction du b\u00e2timent :<\/strong><\/td>\n<td align=\"left\">Usage collectif, Habitations Priv\u00e9es<\/td>\n<\/tr>\n<tr>\n<td align=\"left\"><strong>Article dans \u00ab\u00a0Hochparterre\u00a0\u00bb<\/strong><\/td>\n<td align=\"left\"><a href=\"\" target=\"_blank\" rel=\"noopener noreferrer\"><div class=\"fusion-fa-align-left\"><i class=\"fb-icon-element-1 fb-icon-element fontawesome-icon fa-file-pdf fas circle-yes\" style=\"font-size:13.2px;line-height:24.4px;height:26.4px;width:26.4px;border-width:1px;margin-right:7.5px;\"><\/i><\/div><style>i.fb-icon-element.fontawesome-icon.fb-icon-element-1{ color: #ffffff; background-color: #bb0706; border-color: #bb0706;}i.fb-icon-element.fontawesome-icon.fb-icon-element-1:hover { color: #ffffff; background-color: #bb0706; border-color: #bb0706;}<\/style><\/a><\/td>\n<\/tr>\n<\/tbody>\n<\/table>\n<\/div>\n<div class=\"fusion-text fusion-text-1 info-feld\"><pre><code>Tabellen Elemente die nicht gebraucht werden in Table (oben^^) in der Text Ansicht von und mit &lt;tr&gt; bis und mit &lt;\/tr&gt; l\u00f6schen oder auskommentieren &lt;!-- *&lt;tr&gt;...&lt;\/tr&gt;* --&gt;<\/code><\/pre>\n<\/div><div class=\"fusion-text fusion-text-2 info-feld\"><pre><code>Tabelle wird durch Projekt Info Felder generiert ---&gt;<\/code><\/pre>\n<\/div><\/div><\/div><div class=\"fusion-clearfix\"><\/div><\/div><\/div><div class=\"fusion-layout-column fusion_builder_column fusion-builder-column-4 fusion_builder_column_1_2 1_2 fusion-one-half fusion-column-last\" style=\"width:50%;width:calc(50% - ( ( 0 ) * 0.5 ) );margin-top:0px;margin-bottom:20px;\"><div class=\"fusion-column-wrapper fusion-flex-column-wrapper-legacy\" style=\"background-position:left top;background-repeat:no-repeat;-webkit-background-size:cover;-moz-background-size:cover;-o-background-size:cover;background-size:cover;padding: 6% 6% 3% 6%;\"><div class=\"fusion-column-content-centered\"><div class=\"fusion-column-content\"><div class=\"fusion-image-carousel fusion-image-carousel-auto lightbox-enabled fusion-carousel-border wp-caption\"><div class=\"fusion-carousel\" data-autoplay=\"yes\" data-columns=\"1\" data-itemmargin=\"0\" data-itemwidth=\"180\" data-touchscroll=\"no\" data-imagesize=\"auto\"><div class=\"fusion-carousel-positioner\"><ul class=\"fusion-carousel-holder\"><li class=\"fusion-carousel-item\"><div class=\"fusion-carousel-item-wrapper\"><div class=\"fusion-image-wrapper hover-type-zoomin\"><a data-rel=\"iLightbox[image_carousel_1]\" data-caption=\"\u00a9 Marius Ballasus\" data-title=\"Deppisch Architekten &#8211; Schechen\" aria-label=\"Deppisch Architekten &#8211; Schechen\" href=\"http:\/\/www.constructivealps.net\/wp-content\/uploads\/2020\/06\/SeniorenwohnenSchechencmarius-ballasus-1-1024x683.jpg\" target=\"_self\"><img width=\"1200\" height=\"800\" src=\"https:\/\/www.constructivealps.net\/wp-content\/uploads\/2020\/06\/SeniorenwohnenSchechencmarius-ballasus-1.jpg\" class=\"attachment-full size-full\" alt=\"\" srcset=\"https:\/\/www.constructivealps.net\/wp-content\/uploads\/2020\/06\/SeniorenwohnenSchechencmarius-ballasus-1-200x133.jpg 200w, https:\/\/www.constructivealps.net\/wp-content\/uploads\/2020\/06\/SeniorenwohnenSchechencmarius-ballasus-1-300x200.jpg 300w, https:\/\/www.constructivealps.net\/wp-content\/uploads\/2020\/06\/SeniorenwohnenSchechencmarius-ballasus-1-400x267.jpg 400w, https:\/\/www.constructivealps.net\/wp-content\/uploads\/2020\/06\/SeniorenwohnenSchechencmarius-ballasus-1-600x400.jpg 600w, https:\/\/www.constructivealps.net\/wp-content\/uploads\/2020\/06\/SeniorenwohnenSchechencmarius-ballasus-1-768x512.jpg 768w, https:\/\/www.constructivealps.net\/wp-content\/uploads\/2020\/06\/SeniorenwohnenSchechencmarius-ballasus-1-800x533.jpg 800w, https:\/\/www.constructivealps.net\/wp-content\/uploads\/2020\/06\/SeniorenwohnenSchechencmarius-ballasus-1-1024x683.jpg 1024w, https:\/\/www.constructivealps.net\/wp-content\/uploads\/2020\/06\/SeniorenwohnenSchechencmarius-ballasus-1.jpg 1200w\" sizes=\"(max-width: 1200px) 100vw, 1200px\" \/><\/a><\/div><\/div><\/li><li class=\"fusion-carousel-item\"><div class=\"fusion-carousel-item-wrapper\"><div class=\"fusion-image-wrapper hover-type-zoomin\"><a data-rel=\"iLightbox[image_carousel_1]\" data-caption=\"\u00a9 Marius Ballasus\" data-title=\"Deppisch Architekten &#8211; Schechen\" aria-label=\"Deppisch Architekten &#8211; Schechen\" href=\"http:\/\/www.constructivealps.net\/wp-content\/uploads\/2020\/06\/SeniorenwohnenSchechencmarius-ballasus-4-1024x683.jpg\" target=\"_self\"><img width=\"1200\" height=\"800\" src=\"https:\/\/www.constructivealps.net\/wp-content\/uploads\/2020\/06\/SeniorenwohnenSchechencmarius-ballasus-4.jpg\" class=\"attachment-full size-full\" alt=\"\" srcset=\"https:\/\/www.constructivealps.net\/wp-content\/uploads\/2020\/06\/SeniorenwohnenSchechencmarius-ballasus-4-200x133.jpg 200w, https:\/\/www.constructivealps.net\/wp-content\/uploads\/2020\/06\/SeniorenwohnenSchechencmarius-ballasus-4-300x200.jpg 300w, https:\/\/www.constructivealps.net\/wp-content\/uploads\/2020\/06\/SeniorenwohnenSchechencmarius-ballasus-4-400x267.jpg 400w, https:\/\/www.constructivealps.net\/wp-content\/uploads\/2020\/06\/SeniorenwohnenSchechencmarius-ballasus-4-600x400.jpg 600w, https:\/\/www.constructivealps.net\/wp-content\/uploads\/2020\/06\/SeniorenwohnenSchechencmarius-ballasus-4-768x512.jpg 768w, https:\/\/www.constructivealps.net\/wp-content\/uploads\/2020\/06\/SeniorenwohnenSchechencmarius-ballasus-4-800x533.jpg 800w, https:\/\/www.constructivealps.net\/wp-content\/uploads\/2020\/06\/SeniorenwohnenSchechencmarius-ballasus-4-1024x683.jpg 1024w, https:\/\/www.constructivealps.net\/wp-content\/uploads\/2020\/06\/SeniorenwohnenSchechencmarius-ballasus-4.jpg 1200w\" sizes=\"(max-width: 1200px) 100vw, 1200px\" \/><\/a><\/div><\/div><\/li><li class=\"fusion-carousel-item\"><div class=\"fusion-carousel-item-wrapper\"><div class=\"fusion-image-wrapper hover-type-zoomin\"><a data-rel=\"iLightbox[image_carousel_1]\" data-caption=\"\u00a9 Marius Ballasus\" data-title=\"Deppisch Architekten &#8211; Schechen\" aria-label=\"Deppisch Architekten &#8211; Schechen\" href=\"http:\/\/www.constructivealps.net\/wp-content\/uploads\/2020\/06\/SeniorenwohnenSchechencmarius-ballasus-3-1024x683.jpg\" target=\"_self\"><img width=\"1200\" height=\"800\" src=\"https:\/\/www.constructivealps.net\/wp-content\/uploads\/2020\/06\/SeniorenwohnenSchechencmarius-ballasus-3.jpg\" class=\"attachment-full size-full\" alt=\"\" srcset=\"https:\/\/www.constructivealps.net\/wp-content\/uploads\/2020\/06\/SeniorenwohnenSchechencmarius-ballasus-3-200x133.jpg 200w, https:\/\/www.constructivealps.net\/wp-content\/uploads\/2020\/06\/SeniorenwohnenSchechencmarius-ballasus-3-300x200.jpg 300w, https:\/\/www.constructivealps.net\/wp-content\/uploads\/2020\/06\/SeniorenwohnenSchechencmarius-ballasus-3-400x267.jpg 400w, https:\/\/www.constructivealps.net\/wp-content\/uploads\/2020\/06\/SeniorenwohnenSchechencmarius-ballasus-3-600x400.jpg 600w, https:\/\/www.constructivealps.net\/wp-content\/uploads\/2020\/06\/SeniorenwohnenSchechencmarius-ballasus-3-768x512.jpg 768w, https:\/\/www.constructivealps.net\/wp-content\/uploads\/2020\/06\/SeniorenwohnenSchechencmarius-ballasus-3-800x533.jpg 800w, https:\/\/www.constructivealps.net\/wp-content\/uploads\/2020\/06\/SeniorenwohnenSchechencmarius-ballasus-3-1024x683.jpg 1024w, https:\/\/www.constructivealps.net\/wp-content\/uploads\/2020\/06\/SeniorenwohnenSchechencmarius-ballasus-3.jpg 1200w\" sizes=\"(max-width: 1200px) 100vw, 1200px\" \/><\/a><\/div><\/div><\/li><li class=\"fusion-carousel-item\"><div class=\"fusion-carousel-item-wrapper\"><div class=\"fusion-image-wrapper hover-type-zoomin\"><a data-rel=\"iLightbox[image_carousel_1]\" data-caption=\"\u00a9 Marius Ballasus\" data-title=\"Deppisch Architekten &#8211; Schechen\" aria-label=\"Deppisch Architekten &#8211; Schechen\" href=\"http:\/\/www.constructivealps.net\/wp-content\/uploads\/2020\/06\/SeniorenwohnenSchechencmarius-ballasus-6-1024x683.jpg\" target=\"_self\"><img width=\"1200\" height=\"800\" src=\"https:\/\/www.constructivealps.net\/wp-content\/uploads\/2020\/06\/SeniorenwohnenSchechencmarius-ballasus-6.jpg\" class=\"attachment-full size-full\" alt=\"\" srcset=\"https:\/\/www.constructivealps.net\/wp-content\/uploads\/2020\/06\/SeniorenwohnenSchechencmarius-ballasus-6-200x133.jpg 200w, https:\/\/www.constructivealps.net\/wp-content\/uploads\/2020\/06\/SeniorenwohnenSchechencmarius-ballasus-6-300x200.jpg 300w, https:\/\/www.constructivealps.net\/wp-content\/uploads\/2020\/06\/SeniorenwohnenSchechencmarius-ballasus-6-400x267.jpg 400w, https:\/\/www.constructivealps.net\/wp-content\/uploads\/2020\/06\/SeniorenwohnenSchechencmarius-ballasus-6-600x400.jpg 600w, https:\/\/www.constructivealps.net\/wp-content\/uploads\/2020\/06\/SeniorenwohnenSchechencmarius-ballasus-6-768x512.jpg 768w, https:\/\/www.constructivealps.net\/wp-content\/uploads\/2020\/06\/SeniorenwohnenSchechencmarius-ballasus-6-800x533.jpg 800w, https:\/\/www.constructivealps.net\/wp-content\/uploads\/2020\/06\/SeniorenwohnenSchechencmarius-ballasus-6-1024x683.jpg 1024w, https:\/\/www.constructivealps.net\/wp-content\/uploads\/2020\/06\/SeniorenwohnenSchechencmarius-ballasus-6.jpg 1200w\" sizes=\"(max-width: 1200px) 100vw, 1200px\" \/><\/a><\/div><\/div><\/li><li class=\"fusion-carousel-item\"><div class=\"fusion-carousel-item-wrapper\"><div class=\"fusion-image-wrapper hover-type-zoomin\"><a data-rel=\"iLightbox[image_carousel_1]\" data-caption=\"\u00a9 Marius Ballasus\" data-title=\"Deppisch Architekten &#8211; Schechen\" aria-label=\"Deppisch Architekten &#8211; Schechen\" href=\"http:\/\/www.constructivealps.net\/wp-content\/uploads\/2020\/06\/SeniorenwohnenSchechencmarius-ballasus-5-1024x683.jpg\" target=\"_self\"><img width=\"1200\" height=\"800\" src=\"https:\/\/www.constructivealps.net\/wp-content\/uploads\/2020\/06\/SeniorenwohnenSchechencmarius-ballasus-5.jpg\" class=\"attachment-full size-full\" alt=\"\" srcset=\"https:\/\/www.constructivealps.net\/wp-content\/uploads\/2020\/06\/SeniorenwohnenSchechencmarius-ballasus-5-200x133.jpg 200w, https:\/\/www.constructivealps.net\/wp-content\/uploads\/2020\/06\/SeniorenwohnenSchechencmarius-ballasus-5-300x200.jpg 300w, https:\/\/www.constructivealps.net\/wp-content\/uploads\/2020\/06\/SeniorenwohnenSchechencmarius-ballasus-5-400x267.jpg 400w, https:\/\/www.constructivealps.net\/wp-content\/uploads\/2020\/06\/SeniorenwohnenSchechencmarius-ballasus-5-600x400.jpg 600w, https:\/\/www.constructivealps.net\/wp-content\/uploads\/2020\/06\/SeniorenwohnenSchechencmarius-ballasus-5-768x512.jpg 768w, https:\/\/www.constructivealps.net\/wp-content\/uploads\/2020\/06\/SeniorenwohnenSchechencmarius-ballasus-5-800x533.jpg 800w, https:\/\/www.constructivealps.net\/wp-content\/uploads\/2020\/06\/SeniorenwohnenSchechencmarius-ballasus-5-1024x683.jpg 1024w, https:\/\/www.constructivealps.net\/wp-content\/uploads\/2020\/06\/SeniorenwohnenSchechencmarius-ballasus-5.jpg 1200w\" sizes=\"(max-width: 1200px) 100vw, 1200px\" \/><\/a><\/div><\/div><\/li><li class=\"fusion-carousel-item\"><div class=\"fusion-carousel-item-wrapper\"><div class=\"fusion-image-wrapper hover-type-zoomin\"><a data-rel=\"iLightbox[image_carousel_1]\" data-caption=\"\u00a9 Marius Ballasus\" data-title=\"Deppisch Architekten &#8211; Schechen\" aria-label=\"Deppisch Architekten &#8211; Schechen\" href=\"http:\/\/www.constructivealps.net\/wp-content\/uploads\/2020\/06\/SeniorenwohnenSchechencmarius-ballasus-2-1024x683.jpg\" target=\"_self\"><img width=\"1200\" height=\"800\" src=\"https:\/\/www.constructivealps.net\/wp-content\/uploads\/2020\/06\/SeniorenwohnenSchechencmarius-ballasus-2.jpg\" class=\"attachment-full size-full\" alt=\"\" srcset=\"https:\/\/www.constructivealps.net\/wp-content\/uploads\/2020\/06\/SeniorenwohnenSchechencmarius-ballasus-2-200x133.jpg 200w, https:\/\/www.constructivealps.net\/wp-content\/uploads\/2020\/06\/SeniorenwohnenSchechencmarius-ballasus-2-300x200.jpg 300w, https:\/\/www.constructivealps.net\/wp-content\/uploads\/2020\/06\/SeniorenwohnenSchechencmarius-ballasus-2-400x267.jpg 400w, https:\/\/www.constructivealps.net\/wp-content\/uploads\/2020\/06\/SeniorenwohnenSchechencmarius-ballasus-2-600x400.jpg 600w, https:\/\/www.constructivealps.net\/wp-content\/uploads\/2020\/06\/SeniorenwohnenSchechencmarius-ballasus-2-768x512.jpg 768w, https:\/\/www.constructivealps.net\/wp-content\/uploads\/2020\/06\/SeniorenwohnenSchechencmarius-ballasus-2-800x533.jpg 800w, https:\/\/www.constructivealps.net\/wp-content\/uploads\/2020\/06\/SeniorenwohnenSchechencmarius-ballasus-2-1024x683.jpg 1024w, https:\/\/www.constructivealps.net\/wp-content\/uploads\/2020\/06\/SeniorenwohnenSchechencmarius-ballasus-2.jpg 1200w\" sizes=\"(max-width: 1200px) 100vw, 1200px\" \/><\/a><\/div><\/div><\/li><\/ul><div class=\"fusion-carousel-nav\"><span class=\"fusion-nav-prev\"><\/span><span class=\"fusion-nav-next\"><\/span><\/div><\/div><\/div><\/div><\/div><\/div><div class=\"fusion-clearfix\"><\/div><\/div><\/div><\/div><\/div><div class=\"fusion-fullwidth fullwidth-box fusion-builder-row-4 project-content hundred-percent-fullwidth non-hundred-percent-height-scrolling fusion-equal-height-columns\" style=\"background-color: rgba(255,255,255,0.9);background-position: center center;background-repeat: no-repeat;background-blend-mode: overlay;padding-top:0px;padding-right:0px;padding-bottom:0px;padding-left:0px;border-width: 0px 0px 0px 0px;border-color:#eae9e9;border-style:solid;\" ><div class=\"fusion-builder-row fusion-row\"><div class=\"fusion-layout-column fusion_builder_column fusion-builder-column-5 fusion_builder_column_1_1 1_1 fusion-one-full fusion-column-first fusion-column-last\" style=\"margin-top:0px;margin-bottom:20px;\"><div class=\"fusion-column-wrapper fusion-flex-column-wrapper-legacy\" style=\"background-position:left top;background-repeat:no-repeat;-webkit-background-size:cover;-moz-background-size:cover;-o-background-size:cover;background-size:cover;padding: 1% 6% 6% 6%;\"><div class=\"fusion-text fusion-text-3\"><h3 style=\"text-align: center;\">En quoi ce projet est-il particulier ?<\/h3>\n<p style=\"text-align: center;\">La commune de Schechen a r\u00e9alis\u00e9 avec la Fondation Modest Mitterhuber 16 logements abordables accessibles aux personnes \u00e0 mobilit\u00e9 r\u00e9duite et adapt\u00e9s aux personnes \u00e2g\u00e9es, destin\u00e9s principalement aux habitants de la commune. Conform\u00e9ment \u00e0 la devise \u00ab Vieillir et rester jeune ensemble \u00bb, l\u2019objectif est de permettre \u00e0 ces personnes de vivre de mani\u00e8re autonome. L\u2019ensemble avec vue sur les montagnes est situ\u00e9 au c\u0153ur du village et \u00e0 proximit\u00e9 de la gare. Les appartements sont compl\u00e9t\u00e9s par une maison communautaire \u00e9quip\u00e9e d\u2019une salle modulable, qui peut \u00eatre utilis\u00e9e par la population pour des \u00e9v\u00e9nements priv\u00e9s ou publics. Dans un deuxi\u00e8me temps, il est pr\u00e9vu de construire une dizaine de logements suppl\u00e9mentaires. Le projet ne doit pas \u00eatre seulement durable dans son utilisation, mais aussi dans sa construction. Les b\u00e2timents sont des constructions modernes \u00e0 isolation renforc\u00e9e et \u00e0 faible consommation avec une structure en bois apparente. La partie d\u2019habitation est dot\u00e9e de balcons spacieux et bien con\u00e7us, ainsi que de pergolas favorisant les contacts.<\/p>\n<\/div><div class=\"fusion-clearfix\"><\/div><\/div><\/div><\/div><\/div><\/p>\n","protected":false},"excerpt":{"rendered":"","protected":false},"author":1,"featured_media":6421,"comment_status":"closed","ping_status":"closed","sticky":false,"template":"","format":"standard","meta":[],"categories":[88,68],"tags":[],"yoast_head":"<!-- This site is optimized with the Yoast SEO plugin v16.1.1 - https:\/\/yoast.com\/wordpress\/plugins\/seo\/ -->\n<title>R\u00e9sidence pour personnes \u00e2g\u00e9es de Schechen | Constructive Alps<\/title>\n<meta name=\"description\" content=\"projet 2020\" \/>\n<link rel=\"canonical\" href=\"https:\/\/www.constructivealps.net\/fr\/residence-pour-personnes-agees-de-schechen\/\" \/>\n<meta property=\"og:locale\" content=\"fr_FR\" \/>\n<meta property=\"og:type\" content=\"article\" \/>\n<meta property=\"og:title\" content=\"R\u00e9sidence pour personnes \u00e2g\u00e9es de Schechen | Constructive Alps\" \/>\n<meta property=\"og:description\" content=\"projet 2020\" \/>\n<meta property=\"og:url\" content=\"https:\/\/www.constructivealps.net\/fr\/residence-pour-personnes-agees-de-schechen\/\" \/>\n<meta property=\"og:site_name\" content=\"Constructive Alps\" \/>\n<meta property=\"article:publisher\" content=\"https:\/\/web.facebook.com\/ConstructiveAlps\/\" \/>\n<meta property=\"article:published_time\" content=\"2020-06-08T16:46:32+00:00\" \/>\n<meta property=\"article:modified_time\" content=\"2020-09-22T09:57:19+00:00\" \/>\n<meta property=\"og:image\" content=\"https:\/\/www.constructivealps.net\/wp-content\/uploads\/2020\/06\/SeniorenwohnenSchechencmarius-ballasus-2.jpg\" \/>\n\t<meta property=\"og:image:width\" content=\"1200\" \/>\n\t<meta property=\"og:image:height\" content=\"800\" \/>\n<meta name=\"twitter:card\" content=\"summary_large_image\" \/>\n<meta name=\"twitter:label1\" content=\"Dur\u00e9e de lecture est.\">\n\t<meta name=\"twitter:data1\" content=\"12 minutes\">\n<script type=\"application\/ld+json\" class=\"yoast-schema-graph\">{\"@context\":\"https:\/\/schema.org\",\"@graph\":[{\"@type\":\"Organization\",\"@id\":\"https:\/\/www.constructivealps.net\/#organization\",\"name\":\"Constructive Alps\",\"url\":\"https:\/\/www.constructivealps.net\/\",\"sameAs\":[\"https:\/\/web.facebook.com\/ConstructiveAlps\/\",\"https:\/\/instagram.com\/constructivealps\/\",\"https:\/\/www.pinterest.de\/ConstructiveA\/\"],\"logo\":{\"@type\":\"ImageObject\",\"@id\":\"https:\/\/www.constructivealps.net\/#logo\",\"inLanguage\":\"fr-FR\",\"url\":null,\"contentUrl\":null,\"width\":null,\"height\":null,\"caption\":\"Constructive Alps\"},\"image\":{\"@id\":\"https:\/\/www.constructivealps.net\/#logo\"}},{\"@type\":\"WebSite\",\"@id\":\"https:\/\/www.constructivealps.net\/#website\",\"url\":\"https:\/\/www.constructivealps.net\/\",\"name\":\"Constructive Alps\",\"description\":\"Internationaler Preis f\\u00fcr nachhaltiges Sanieren und Bauen in den Alpen\",\"publisher\":{\"@id\":\"https:\/\/www.constructivealps.net\/#organization\"},\"potentialAction\":[{\"@type\":\"SearchAction\",\"target\":\"https:\/\/www.constructivealps.net\/?s={search_term_string}\",\"query-input\":\"required name=search_term_string\"}],\"inLanguage\":\"fr-FR\"},{\"@type\":\"ImageObject\",\"@id\":\"https:\/\/www.constructivealps.net\/fr\/residence-pour-personnes-agees-de-schechen\/#primaryimage\",\"inLanguage\":\"fr-FR\",\"url\":\"https:\/\/www.constructivealps.net\/wp-content\/uploads\/2020\/06\/SeniorenwohnenSchechencmarius-ballasus-2.jpg\",\"contentUrl\":\"https:\/\/www.constructivealps.net\/wp-content\/uploads\/2020\/06\/SeniorenwohnenSchechencmarius-ballasus-2.jpg\",\"width\":1200,\"height\":800,\"caption\":\"\\u00a9 Marius Ballasus\"},{\"@type\":\"WebPage\",\"@id\":\"https:\/\/www.constructivealps.net\/fr\/residence-pour-personnes-agees-de-schechen\/#webpage\",\"url\":\"https:\/\/www.constructivealps.net\/fr\/residence-pour-personnes-agees-de-schechen\/\",\"name\":\"R\\u00e9sidence pour personnes \\u00e2g\\u00e9es de Schechen | Constructive Alps\",\"isPartOf\":{\"@id\":\"https:\/\/www.constructivealps.net\/#website\"},\"primaryImageOfPage\":{\"@id\":\"https:\/\/www.constructivealps.net\/fr\/residence-pour-personnes-agees-de-schechen\/#primaryimage\"},\"datePublished\":\"2020-06-08T16:46:32+00:00\",\"dateModified\":\"2020-09-22T09:57:19+00:00\",\"description\":\"projet 2020\",\"breadcrumb\":{\"@id\":\"https:\/\/www.constructivealps.net\/fr\/residence-pour-personnes-agees-de-schechen\/#breadcrumb\"},\"inLanguage\":\"fr-FR\",\"potentialAction\":[{\"@type\":\"ReadAction\",\"target\":[\"https:\/\/www.constructivealps.net\/fr\/residence-pour-personnes-agees-de-schechen\/\"]}]},{\"@type\":\"BreadcrumbList\",\"@id\":\"https:\/\/www.constructivealps.net\/fr\/residence-pour-personnes-agees-de-schechen\/#breadcrumb\",\"itemListElement\":[{\"@type\":\"ListItem\",\"position\":1,\"item\":{\"@type\":\"WebPage\",\"@id\":\"https:\/\/www.constructivealps.net\/fr\/\",\"url\":\"https:\/\/www.constructivealps.net\/fr\/\",\"name\":\"Startseite\"}},{\"@type\":\"ListItem\",\"position\":2,\"item\":{\"@type\":\"WebPage\",\"@id\":\"https:\/\/www.constructivealps.net\/fr\/residence-pour-personnes-agees-de-schechen\/\",\"url\":\"https:\/\/www.constructivealps.net\/fr\/residence-pour-personnes-agees-de-schechen\/\",\"name\":\"R\\u00e9sidence pour personnes \\u00e2g\\u00e9es de Schechen\"}}]},{\"@type\":\"Article\",\"@id\":\"https:\/\/www.constructivealps.net\/fr\/residence-pour-personnes-agees-de-schechen\/#article\",\"isPartOf\":{\"@id\":\"https:\/\/www.constructivealps.net\/fr\/residence-pour-personnes-agees-de-schechen\/#webpage\"},\"author\":{\"@id\":\"https:\/\/www.constructivealps.net\/#\/schema\/person\/deeeb9e6cb2b95462f03af1f6988e03e\"},\"headline\":\"R\\u00e9sidence pour personnes \\u00e2g\\u00e9es de Schechen\",\"datePublished\":\"2020-06-08T16:46:32+00:00\",\"dateModified\":\"2020-09-22T09:57:19+00:00\",\"mainEntityOfPage\":{\"@id\":\"https:\/\/www.constructivealps.net\/fr\/residence-pour-personnes-agees-de-schechen\/#webpage\"},\"publisher\":{\"@id\":\"https:\/\/www.constructivealps.net\/#organization\"},\"image\":{\"@id\":\"https:\/\/www.constructivealps.net\/fr\/residence-pour-personnes-agees-de-schechen\/#primaryimage\"},\"articleSection\":\"Projet 2020,Projets\",\"inLanguage\":\"fr-FR\"},{\"@type\":\"Person\",\"@id\":\"https:\/\/www.constructivealps.net\/#\/schema\/person\/deeeb9e6cb2b95462f03af1f6988e03e\",\"name\":\"constructive\",\"image\":{\"@type\":\"ImageObject\",\"@id\":\"https:\/\/www.constructivealps.net\/#personlogo\",\"inLanguage\":\"fr-FR\",\"url\":\"https:\/\/secure.gravatar.com\/avatar\/b46d7f376bcdae473d47cf3d39c62f46?s=96&d=mm&r=g\",\"contentUrl\":\"https:\/\/secure.gravatar.com\/avatar\/b46d7f376bcdae473d47cf3d39c62f46?s=96&d=mm&r=g\",\"caption\":\"constructive\"}}]}<\/script>\n<!-- \/ Yoast SEO plugin. -->","_links":{"self":[{"href":"https:\/\/www.constructivealps.net\/fr\/wp-json\/wp\/v2\/posts\/6797"}],"collection":[{"href":"https:\/\/www.constructivealps.net\/fr\/wp-json\/wp\/v2\/posts"}],"about":[{"href":"https:\/\/www.constructivealps.net\/fr\/wp-json\/wp\/v2\/types\/post"}],"author":[{"embeddable":true,"href":"https:\/\/www.constructivealps.net\/fr\/wp-json\/wp\/v2\/users\/1"}],"replies":[{"embeddable":true,"href":"https:\/\/www.constructivealps.net\/fr\/wp-json\/wp\/v2\/comments?post=6797"}],"version-history":[{"count":7,"href":"https:\/\/www.constructivealps.net\/fr\/wp-json\/wp\/v2\/posts\/6797\/revisions"}],"predecessor-version":[{"id":7220,"href":"https:\/\/www.constructivealps.net\/fr\/wp-json\/wp\/v2\/posts\/6797\/revisions\/7220"}],"wp:featuredmedia":[{"embeddable":true,"href":"https:\/\/www.constructivealps.net\/fr\/wp-json\/wp\/v2\/media\/6421"}],"wp:attachment":[{"href":"https:\/\/www.constructivealps.net\/fr\/wp-json\/wp\/v2\/media?parent=6797"}],"wp:term":[{"taxonomy":"category","embeddable":true,"href":"https:\/\/www.constructivealps.net\/fr\/wp-json\/wp\/v2\/categories?post=6797"},{"taxonomy":"post_tag","embeddable":true,"href":"https:\/\/www.constructivealps.net\/fr\/wp-json\/wp\/v2\/tags?post=6797"}],"curies":[{"name":"wp","href":"https:\/\/api.w.org\/{rel}","templated":true}]}}