{"id":7485,"date":"2020-11-06T14:09:35","date_gmt":"2020-11-06T13:09:35","guid":{"rendered":"http:\/\/www.constructivealps.net\/?p=7485"},"modified":"2021-07-26T11:28:38","modified_gmt":"2021-07-26T09:28:38","slug":"chapelle-de-montagne-de-kendlbruck-2","status":"publish","type":"post","link":"https:\/\/www.constructivealps.net\/fr\/chapelle-de-montagne-de-kendlbruck-2\/","title":{"rendered":"Chapelle de montagne de Kendlbruck"},"content":{"rendered":"<p><div class=\"fusion-fullwidth fullwidth-box fusion-builder-row-1 project-head hundred-percent-fullwidth non-hundred-percent-height-scrolling fusion-equal-height-columns\" style=\"background-color: #7eab52;background-position: center center;background-repeat: no-repeat;padding-top:0px;padding-right:0px;padding-bottom:0px;padding-left:0px;margin-bottom: 0px;border-width: 0px 0px 0px 0px;border-color:#eae9e9;border-style:solid;\" ><div class=\"fusion-builder-row fusion-row\"><div class=\"fusion-layout-column fusion_builder_column fusion-builder-column-0 fusion_builder_column_2_3 2_3 fusion-two-third fusion-column-first\" style=\"width:66.666666666667%;width:calc(66.666666666667% - ( ( 0 ) * 0.66666666666667 ) );margin-right: 0px;margin-top:0px;margin-bottom:0px;\"><div class=\"fusion-column-wrapper fusion-flex-column-wrapper-legacy\" style=\"background-position:left top;background-repeat:no-repeat;-webkit-background-size:cover;-moz-background-size:cover;-o-background-size:cover;background-size:cover;background-color:#7eab52;padding: 0px 0px 0px 0px;\"><span class=\" fusion-imageframe imageframe-none imageframe-1 hover-type-none head-img\" style=\"width:100%;max-width:100%;\"><a href=\"https:\/\/www.constructivealps.net\/wp-content\/uploads\/2020\/06\/KapelleKendlbruck_AlbrechtSchnabel.jpg\" class=\"fusion-lightbox\" data-rel=\"iLightbox[57e9ccfce9e45dd3b2c]\" data-caption=\"\u00a9 Albrecht Schnabel\" data-title=\"KapelleKendlbruck_AlbrechtSchnabel\" title=\"KapelleKendlbruck_AlbrechtSchnabel\"><img width=\"2000\" height=\"1333\" src=\"https:\/\/www.constructivealps.net\/wp-content\/uploads\/2020\/06\/KapelleKendlbruck_AlbrechtSchnabel.jpg\" class=\"img-responsive wp-image-5927\" srcset=\"https:\/\/www.constructivealps.net\/wp-content\/uploads\/2020\/06\/KapelleKendlbruck_AlbrechtSchnabel-200x133.jpg 200w, https:\/\/www.constructivealps.net\/wp-content\/uploads\/2020\/06\/KapelleKendlbruck_AlbrechtSchnabel-400x267.jpg 400w, https:\/\/www.constructivealps.net\/wp-content\/uploads\/2020\/06\/KapelleKendlbruck_AlbrechtSchnabel-600x400.jpg 600w, https:\/\/www.constructivealps.net\/wp-content\/uploads\/2020\/06\/KapelleKendlbruck_AlbrechtSchnabel-800x533.jpg 800w, https:\/\/www.constructivealps.net\/wp-content\/uploads\/2020\/06\/KapelleKendlbruck_AlbrechtSchnabel-1200x800.jpg 1200w, https:\/\/www.constructivealps.net\/wp-content\/uploads\/2020\/06\/KapelleKendlbruck_AlbrechtSchnabel.jpg 2000w\" sizes=\"(max-width: 1125px) 100vw, 2000px\" \/><\/a><\/span><div class=\"fusion-clearfix\"><\/div><\/div><\/div><div class=\"fusion-layout-column fusion_builder_column fusion-builder-column-1 fusion_builder_column_1_3 1_3 fusion-one-third fusion-column-last rating-box fusion-column-no-min-height\" style=\"width:33.333333333333%;width:calc(33.333333333333% - ( ( 0 ) * 0.33333333333333 ) );margin-top:0px;margin-bottom:0px;\"><div class=\"fusion-column-wrapper fusion-flex-column-wrapper-legacy\" style=\"background-position:left top;background-repeat:no-repeat;-webkit-background-size:cover;-moz-background-size:cover;-o-background-size:cover;background-size:cover;background-color:#7eab52;padding: 2vh 0px 2vh 0px;\"><div class=\"fusion-column-content-centered\"><div class=\"fusion-column-content\"><span class=\" fusion-imageframe imageframe-none imageframe-2 hover-type-none\"><img width=\"190\" height=\"210\" title=\"Button-Recognition\" src=\"https:\/\/www.constructivealps.net\/wp-content\/uploads\/2020\/11\/Button-Recognition.png\" class=\"img-responsive wp-image-8223\"\/><\/span><\/div><\/div><div class=\"fusion-clearfix\"><\/div><\/div><\/div><\/div><\/div><div class=\"fusion-fullwidth fullwidth-box fusion-builder-row-2 nonhundred-percent-fullwidth non-hundred-percent-height-scrolling\" style=\"background-color: rgba(255,255,255,0.9);background-position: center center;background-repeat: no-repeat;padding-top:0px;padding-right:0px;padding-bottom:0px;padding-left:0px;margin-bottom: 0px;margin-top: 0px;border-width: 0px 0px 0px 0px;border-color:#eae9e9;border-style:solid;\" ><div class=\"fusion-builder-row fusion-row\"><div class=\"fusion-layout-column fusion_builder_column fusion-builder-column-2 fusion_builder_column_1_1 1_1 fusion-one-full fusion-column-first fusion-column-last\" style=\"margin-top:0px;margin-bottom:0px;\"><div class=\"fusion-column-wrapper fusion-flex-column-wrapper-legacy\" style=\"background-position:left top;background-repeat:no-repeat;-webkit-background-size:cover;-moz-background-size:cover;-o-background-size:cover;background-size:cover;padding: 3vh 3% 0px 3%;\"><style type=\"text\/css\">@media only screen and (max-width:800px) {.fusion-title.fusion-title-1{margin-top:0px!important;margin-bottom:0px!important;}}<\/style><div class=\"fusion-title title fusion-title-1 fusion-sep-none fusion-title-text fusion-title-size-two\" style=\"margin-top:0px;margin-right:0px;margin-bottom:0px;margin-left:0px;\"><h2 class=\"title-heading-left\" style=\"margin:0;\">Chapelle de montagne de Kendlbruck<\/h2><\/div><div class=\"fusion-clearfix\"><\/div><\/div><\/div><\/div><\/div><div class=\"fusion-fullwidth fullwidth-box fusion-builder-row-3 project-content hundred-percent-fullwidth non-hundred-percent-height-scrolling fusion-equal-height-columns\" style=\"background-color: rgba(255,255,255,0.9);background-position: center center;background-repeat: no-repeat;background-blend-mode: overlay;padding-top:0px;padding-right:0px;padding-bottom:0px;padding-left:0px;margin-bottom: 0px;border-width: 0px 0px 0px 0px;border-color:#eae9e9;border-style:solid;\" ><div class=\"fusion-builder-row fusion-row\"><div class=\"fusion-layout-column fusion_builder_column fusion-builder-column-3 fusion_builder_column_1_2 1_2 fusion-one-half fusion-column-first\" style=\"width:50%;width:calc(50% - ( ( 0 ) * 0.5 ) );margin-right: 0px;margin-top:0px;margin-bottom:20px;\"><div class=\"fusion-column-wrapper fusion-flex-column-wrapper-legacy\" style=\"background-position:left top;background-repeat:no-repeat;-webkit-background-size:cover;-moz-background-size:cover;-o-background-size:cover;background-size:cover;padding: 3vh 6% 3% 6%;\"><div class=\"fusion-column-content-centered\"><div class=\"fusion-column-content\"><style type=\"text\/css\"><\/style><div class=\"fusion-title title fusion-title-2 fusion-sep-none fusion-title-text fusion-title-size-four\" style=\"margin-top:0px;margin-right:0px;margin-bottom:31px;margin-left:0px;\"><h4 class=\"title-heading-left\" style=\"margin:0;\">Lasaberg, Kendlbruck, Ramingstein \/ AT<\/h4><\/div>\n<div class=\"table-1\">\n<table width=\"100%\">\n<tbody>\n<tr>\n<td align=\"left\"><strong>Reconnaissance:<\/strong><\/td>\n<td align=\"left\"> 2020<\/td>\n<\/tr>\n<tr>\n<td align=\"left\"><strong>Propri\u00e9taire du b\u00e2timent :<\/strong><\/td>\n<td align=\"left\">Johann M\u00fcllner<\/td>\n<\/tr>\n<tr>\n<td align=\"left\"><strong>Architecture :<\/strong><\/td>\n<td align=\"left\">dunkelschwarz ZT OG<\/td>\n<\/tr>\n<tr>\n<td align=\"left\"><strong>Co\u00fbts de construction :<\/strong><\/td>\n<td align=\"left\">\u20ac <\/td>\n<\/tr>\n<tr>\n<td align=\"left\"><strong>Chiffres sur l&rsquo;\u00e9n\u00e9rgie :<\/strong><\/td>\n<td align=\"left\">0 kWh \/ m\u00b2a<\/td>\n<\/tr>\n<tr>\n<td align=\"left\"><strong>Ann\u00e9e de construction :<\/strong><\/td>\n<td align=\"left\">2017<\/td>\n<\/tr>\n<tr>\n<td align=\"left\"><strong>Type de construction :<\/strong><\/td>\n<td align=\"left\">B\u00e2timent neuf<\/td>\n<\/tr>\n<tr>\n<td align=\"left\"><strong>Fonction du b\u00e2timent :<\/strong><\/td>\n<td align=\"left\">Usage collectif<\/td>\n<\/tr>\n<tr>\n<td align=\"left\"><strong>Article dans \u00ab\u00a0Hochparterre\u00a0\u00bb<\/strong><\/td>\n<td align=\"left\"><a href=\"\" target=\"_blank\" rel=\"noopener noreferrer\"><div class=\"fusion-fa-align-left\"><i class=\"fb-icon-element-1 fb-icon-element fontawesome-icon fa-file-pdf fas circle-yes\" style=\"font-size:13.2px;line-height:24.4px;height:26.4px;width:26.4px;border-width:1px;margin-right:7.5px;\"><\/i><\/div><style>i.fb-icon-element.fontawesome-icon.fb-icon-element-1{ color: #ffffff; background-color: #bb0706; border-color: #bb0706;}i.fb-icon-element.fontawesome-icon.fb-icon-element-1:hover { color: #ffffff; background-color: #bb0706; border-color: #bb0706;}<\/style><\/a><\/td>\n<\/tr>\n<\/tbody>\n<\/table>\n<\/div>\n<div class=\"fusion-text fusion-text-1 info-feld\"><pre><code>Tabellen Elemente die nicht gebraucht werden in Table (oben^^) in der Text Ansicht von und mit &lt;tr&gt; bis und mit &lt;\/tr&gt; l\u00f6schen oder auskommentieren &lt;!-- *&lt;tr&gt;...&lt;\/tr&gt;* --&gt;<\/code><\/pre>\n<\/div><div class=\"fusion-text fusion-text-2 info-feld\"><pre><code>Tabelle wird durch Projekt Info Felder generiert ---&gt;<\/code><\/pre>\n<\/div><\/div><\/div><div class=\"fusion-clearfix\"><\/div><\/div><\/div><div class=\"fusion-layout-column fusion_builder_column fusion-builder-column-4 fusion_builder_column_1_2 1_2 fusion-one-half fusion-column-last\" style=\"width:50%;width:calc(50% - ( ( 0 ) * 0.5 ) );margin-top:0px;margin-bottom:20px;\"><div class=\"fusion-column-wrapper fusion-flex-column-wrapper-legacy\" style=\"background-position:left top;background-repeat:no-repeat;-webkit-background-size:cover;-moz-background-size:cover;-o-background-size:cover;background-size:cover;padding: 6% 6% 3% 6%;\"><div class=\"fusion-column-content-centered\"><div class=\"fusion-column-content\"><div class=\"fusion-image-carousel fusion-image-carousel-auto lightbox-enabled fusion-carousel-border wp-caption\"><div class=\"fusion-carousel\" data-autoplay=\"yes\" data-columns=\"1\" data-itemmargin=\"0\" data-itemwidth=\"180\" data-touchscroll=\"no\" data-imagesize=\"auto\"><div class=\"fusion-carousel-positioner\"><ul class=\"fusion-carousel-holder\"><li class=\"fusion-carousel-item\"><div class=\"fusion-carousel-item-wrapper\"><div class=\"fusion-image-wrapper hover-type-zoomin\"><a data-rel=\"iLightbox[image_carousel_1]\" data-caption=\"\u00a9 Albrecht Schnabel\" data-title=\"KapelleKendlbruck_AlbrechtSchnabel2\" aria-label=\"KapelleKendlbruck_AlbrechtSchnabel2\" href=\"http:\/\/www.constructivealps.net\/wp-content\/uploads\/2020\/06\/KapelleKendlbruck_AlbrechtSchnabel2-1024x682.jpg\" target=\"_self\"><img width=\"2000\" height=\"1333\" src=\"https:\/\/www.constructivealps.net\/wp-content\/uploads\/2020\/06\/KapelleKendlbruck_AlbrechtSchnabel2.jpg\" class=\"attachment-full size-full\" alt=\"\" srcset=\"https:\/\/www.constructivealps.net\/wp-content\/uploads\/2020\/06\/KapelleKendlbruck_AlbrechtSchnabel2-200x133.jpg 200w, https:\/\/www.constructivealps.net\/wp-content\/uploads\/2020\/06\/KapelleKendlbruck_AlbrechtSchnabel2-300x200.jpg 300w, https:\/\/www.constructivealps.net\/wp-content\/uploads\/2020\/06\/KapelleKendlbruck_AlbrechtSchnabel2-400x267.jpg 400w, https:\/\/www.constructivealps.net\/wp-content\/uploads\/2020\/06\/KapelleKendlbruck_AlbrechtSchnabel2-600x400.jpg 600w, https:\/\/www.constructivealps.net\/wp-content\/uploads\/2020\/06\/KapelleKendlbruck_AlbrechtSchnabel2-768x512.jpg 768w, https:\/\/www.constructivealps.net\/wp-content\/uploads\/2020\/06\/KapelleKendlbruck_AlbrechtSchnabel2-800x533.jpg 800w, https:\/\/www.constructivealps.net\/wp-content\/uploads\/2020\/06\/KapelleKendlbruck_AlbrechtSchnabel2-1024x682.jpg 1024w, https:\/\/www.constructivealps.net\/wp-content\/uploads\/2020\/06\/KapelleKendlbruck_AlbrechtSchnabel2-1200x800.jpg 1200w, https:\/\/www.constructivealps.net\/wp-content\/uploads\/2020\/06\/KapelleKendlbruck_AlbrechtSchnabel2.jpg 2000w\" sizes=\"(max-width: 2000px) 100vw, 2000px\" \/><\/a><\/div><\/div><\/li><li class=\"fusion-carousel-item\"><div class=\"fusion-carousel-item-wrapper\"><div class=\"fusion-image-wrapper hover-type-zoomin\"><a data-rel=\"iLightbox[image_carousel_1]\" data-caption=\"\u00a9 Albrecht Schnabel\" data-title=\"G6_Kirche_AlbrechtSchnabel\" aria-label=\"G6_Kirche_AlbrechtSchnabel\" href=\"https:\/\/www.constructivealps.net\/wp-content\/uploads\/2020\/06\/G6_Kirche_AlbrechtSchnabel.jpg\" target=\"_self\"><img width=\"1352\" height=\"2000\" src=\"https:\/\/www.constructivealps.net\/wp-content\/uploads\/2020\/06\/G6_Kirche_AlbrechtSchnabel.jpg\" class=\"attachment-full size-full\" alt=\"\" srcset=\"https:\/\/www.constructivealps.net\/wp-content\/uploads\/2020\/06\/G6_Kirche_AlbrechtSchnabel-200x296.jpg 200w, https:\/\/www.constructivealps.net\/wp-content\/uploads\/2020\/06\/G6_Kirche_AlbrechtSchnabel-203x300.jpg 203w, https:\/\/www.constructivealps.net\/wp-content\/uploads\/2020\/06\/G6_Kirche_AlbrechtSchnabel-400x592.jpg 400w, https:\/\/www.constructivealps.net\/wp-content\/uploads\/2020\/06\/G6_Kirche_AlbrechtSchnabel-600x888.jpg 600w, https:\/\/www.constructivealps.net\/wp-content\/uploads\/2020\/06\/G6_Kirche_AlbrechtSchnabel-692x1024.jpg 692w, https:\/\/www.constructivealps.net\/wp-content\/uploads\/2020\/06\/G6_Kirche_AlbrechtSchnabel-768x1136.jpg 768w, https:\/\/www.constructivealps.net\/wp-content\/uploads\/2020\/06\/G6_Kirche_AlbrechtSchnabel-800x1183.jpg 800w, https:\/\/www.constructivealps.net\/wp-content\/uploads\/2020\/06\/G6_Kirche_AlbrechtSchnabel-1200x1775.jpg 1200w, https:\/\/www.constructivealps.net\/wp-content\/uploads\/2020\/06\/G6_Kirche_AlbrechtSchnabel.jpg 1352w\" sizes=\"(max-width: 1352px) 100vw, 1352px\" \/><\/a><\/div><\/div><\/li><li class=\"fusion-carousel-item\"><div class=\"fusion-carousel-item-wrapper\"><div class=\"fusion-image-wrapper hover-type-zoomin\"><a data-rel=\"iLightbox[image_carousel_1]\" data-caption=\"\u00a9 Albrecht Schnabel\" data-title=\"F2_Kirche_AlbrechtSchnabel\" aria-label=\"F2_Kirche_AlbrechtSchnabel\" href=\"http:\/\/www.constructivealps.net\/wp-content\/uploads\/2020\/06\/F2_Kirche_AlbrechtSchnabel-1024x564.jpg\" target=\"_self\"><img width=\"2000\" height=\"1102\" src=\"https:\/\/www.constructivealps.net\/wp-content\/uploads\/2020\/06\/F2_Kirche_AlbrechtSchnabel.jpg\" class=\"attachment-full size-full\" alt=\"\" srcset=\"https:\/\/www.constructivealps.net\/wp-content\/uploads\/2020\/06\/F2_Kirche_AlbrechtSchnabel-200x110.jpg 200w, https:\/\/www.constructivealps.net\/wp-content\/uploads\/2020\/06\/F2_Kirche_AlbrechtSchnabel-300x165.jpg 300w, https:\/\/www.constructivealps.net\/wp-content\/uploads\/2020\/06\/F2_Kirche_AlbrechtSchnabel-400x220.jpg 400w, https:\/\/www.constructivealps.net\/wp-content\/uploads\/2020\/06\/F2_Kirche_AlbrechtSchnabel-600x331.jpg 600w, https:\/\/www.constructivealps.net\/wp-content\/uploads\/2020\/06\/F2_Kirche_AlbrechtSchnabel-768x423.jpg 768w, https:\/\/www.constructivealps.net\/wp-content\/uploads\/2020\/06\/F2_Kirche_AlbrechtSchnabel-800x441.jpg 800w, https:\/\/www.constructivealps.net\/wp-content\/uploads\/2020\/06\/F2_Kirche_AlbrechtSchnabel-1024x564.jpg 1024w, https:\/\/www.constructivealps.net\/wp-content\/uploads\/2020\/06\/F2_Kirche_AlbrechtSchnabel-1200x661.jpg 1200w, https:\/\/www.constructivealps.net\/wp-content\/uploads\/2020\/06\/F2_Kirche_AlbrechtSchnabel.jpg 2000w\" sizes=\"(max-width: 2000px) 100vw, 2000px\" \/><\/a><\/div><\/div><\/li><li class=\"fusion-carousel-item\"><div class=\"fusion-carousel-item-wrapper\"><div class=\"fusion-image-wrapper hover-type-zoomin\"><a data-rel=\"iLightbox[image_carousel_1]\" data-caption=\"\u00a9 Albrecht Schnabel\" data-title=\"KapelleKendlbruck_AlbrechtSchnabel\" aria-label=\"KapelleKendlbruck_AlbrechtSchnabel\" href=\"http:\/\/www.constructivealps.net\/wp-content\/uploads\/2020\/06\/KapelleKendlbruck_AlbrechtSchnabel-1024x682.jpg\" target=\"_self\"><img width=\"2000\" height=\"1333\" src=\"https:\/\/www.constructivealps.net\/wp-content\/uploads\/2020\/06\/KapelleKendlbruck_AlbrechtSchnabel.jpg\" class=\"attachment-full size-full\" alt=\"\" srcset=\"https:\/\/www.constructivealps.net\/wp-content\/uploads\/2020\/06\/KapelleKendlbruck_AlbrechtSchnabel-200x133.jpg 200w, https:\/\/www.constructivealps.net\/wp-content\/uploads\/2020\/06\/KapelleKendlbruck_AlbrechtSchnabel-300x200.jpg 300w, https:\/\/www.constructivealps.net\/wp-content\/uploads\/2020\/06\/KapelleKendlbruck_AlbrechtSchnabel-400x267.jpg 400w, https:\/\/www.constructivealps.net\/wp-content\/uploads\/2020\/06\/KapelleKendlbruck_AlbrechtSchnabel-600x400.jpg 600w, https:\/\/www.constructivealps.net\/wp-content\/uploads\/2020\/06\/KapelleKendlbruck_AlbrechtSchnabel-768x512.jpg 768w, https:\/\/www.constructivealps.net\/wp-content\/uploads\/2020\/06\/KapelleKendlbruck_AlbrechtSchnabel-800x533.jpg 800w, https:\/\/www.constructivealps.net\/wp-content\/uploads\/2020\/06\/KapelleKendlbruck_AlbrechtSchnabel-1024x682.jpg 1024w, https:\/\/www.constructivealps.net\/wp-content\/uploads\/2020\/06\/KapelleKendlbruck_AlbrechtSchnabel-1200x800.jpg 1200w, https:\/\/www.constructivealps.net\/wp-content\/uploads\/2020\/06\/KapelleKendlbruck_AlbrechtSchnabel.jpg 2000w\" sizes=\"(max-width: 2000px) 100vw, 2000px\" \/><\/a><\/div><\/div><\/li><\/ul><div class=\"fusion-carousel-nav\"><span class=\"fusion-nav-prev\"><\/span><span class=\"fusion-nav-next\"><\/span><\/div><\/div><\/div><\/div><\/div><\/div><div class=\"fusion-clearfix\"><\/div><\/div><\/div><\/div><\/div><div class=\"fusion-fullwidth fullwidth-box fusion-builder-row-4 project-content hundred-percent-fullwidth non-hundred-percent-height-scrolling fusion-equal-height-columns\" style=\"background-color: rgba(255,255,255,0.9);background-position: center center;background-repeat: no-repeat;background-blend-mode: overlay;padding-top:0px;padding-right:0px;padding-bottom:0px;padding-left:0px;border-width: 0px 0px 0px 0px;border-color:#eae9e9;border-style:solid;\" ><div class=\"fusion-builder-row fusion-row\"><div class=\"fusion-layout-column fusion_builder_column fusion-builder-column-5 fusion_builder_column_1_1 1_1 fusion-one-full fusion-column-first fusion-column-last\" style=\"margin-top:0px;margin-bottom:20px;\"><div class=\"fusion-column-wrapper fusion-flex-column-wrapper-legacy\" style=\"background-position:left top;background-repeat:no-repeat;-webkit-background-size:cover;-moz-background-size:cover;-o-background-size:cover;background-size:cover;padding: 1% 6% 6% 6%;\"><div class=\"fusion-text fusion-text-3\"><h3 style=\"text-align: center;\">L\u2019avis du jury<\/h3>\n<p style=\"text-align: center;\">\u00ab Ah ! Que la r\u00e9alisation po\u00e9tique de ce petit projet de construction est r\u00e9ussie ! Une famille voulait reconstruire une chapelle qui a d\u00fb c\u00e9der la place \u00e0 la route. Et faire elle-m\u00eame ce qui devait \u00eatre fait, avec son propre bois et un grand savoir-faire. Les murs, les sols, le toit \u00e0 pentes raides sont construits en madriers traditionnels avec des poutres de douze centim\u00e8tres sur douze. Les lamelles du pignon triangulaire laissent p\u00e9n\u00e9trer la lumi\u00e8re et cr\u00e9ent un espace int\u00e9rieur enchanteur. Et quasiment neutre en carbone, car on peut s\u2019y recueillir aussi en hiver sans chauffage. \u00bb<\/p>\n<h3 style=\"text-align: center;\">En quoi ce projet est-il particulier ?<\/h3>\n<p style=\"text-align: center;\">Un plan simple, des lignes claires et harmonieuses, un jeu avec la lumi\u00e8re et le paysage : la forme r\u00e9duite de la chapelle de montagne de Kendlbruck invite au recueillement. Dans la pi\u00e8ce unique, rien ne distrait. Elle d\u00e9voile malgr\u00e9 tout une vue fascinante sur les poutres en bois de la toiture et sur la construction savante en madriers. L\u2019objet est tout aussi sobre \u00e0 l\u2019ext\u00e9rieur : seuls la situation sur un promontoire et le toit \u00e0 pentes raides indiquent qu\u2019il s\u2019agit d\u2019un lieu spirituel. La chapelle a \u00e9t\u00e9 d\u00e9velopp\u00e9e par les ma\u00eetres d\u2019\u0153uvre, qui ont choisi de se concentrer sur des potentiels et des ressources disponibles sur place. Le mat\u00e9riau utilis\u00e9 a \u00e9t\u00e9 soigneusement choisi dans les for\u00eats environnantes, et les travaux ont \u00e9t\u00e9 r\u00e9alis\u00e9s par la famille de la ferme voisine. Dans ce contexte, l\u2019architecture n\u2019est pas con\u00e7ue uniquement comme un produit, mais \u00e9galement comme un processus de production \u00e0 partir de mat\u00e9riaux locaux, en interaction avec les personnes impliqu\u00e9es, leurs comp\u00e9tences et leurs savoir-faire.<\/p>\n<\/div><div class=\"fusion-clearfix\"><\/div><\/div><\/div><\/div><\/div><\/p>\n","protected":false},"excerpt":{"rendered":"","protected":false},"author":1,"featured_media":5927,"comment_status":"closed","ping_status":"closed","sticky":false,"template":"","format":"standard","meta":[],"categories":[88,68,95],"tags":[],"yoast_head":"<!-- This site is optimized with the Yoast SEO plugin v16.1.1 - https:\/\/yoast.com\/wordpress\/plugins\/seo\/ -->\n<title>Chapelle de montagne de Kendlbruck | Constructive Alps<\/title>\n<meta name=\"description\" content=\"projet 2020\" \/>\n<link rel=\"canonical\" href=\"https:\/\/www.constructivealps.net\/fr\/chapelle-de-montagne-de-kendlbruck-2\/\" \/>\n<meta property=\"og:locale\" content=\"fr_FR\" \/>\n<meta property=\"og:type\" content=\"article\" \/>\n<meta property=\"og:title\" content=\"Chapelle de montagne de Kendlbruck | Constructive Alps\" \/>\n<meta property=\"og:description\" content=\"projet 2020\" \/>\n<meta property=\"og:url\" content=\"https:\/\/www.constructivealps.net\/fr\/chapelle-de-montagne-de-kendlbruck-2\/\" \/>\n<meta property=\"og:site_name\" content=\"Constructive Alps\" \/>\n<meta property=\"article:publisher\" content=\"https:\/\/web.facebook.com\/ConstructiveAlps\/\" \/>\n<meta property=\"article:published_time\" content=\"2020-11-06T13:09:35+00:00\" \/>\n<meta property=\"article:modified_time\" content=\"2021-07-26T09:28:38+00:00\" \/>\n<meta property=\"og:image\" content=\"https:\/\/www.constructivealps.net\/wp-content\/uploads\/2020\/06\/KapelleKendlbruck_AlbrechtSchnabel.jpg\" \/>\n\t<meta property=\"og:image:width\" content=\"2000\" \/>\n\t<meta property=\"og:image:height\" content=\"1333\" \/>\n<meta name=\"twitter:card\" content=\"summary_large_image\" \/>\n<meta name=\"twitter:label1\" content=\"Dur\u00e9e de lecture est.\">\n\t<meta name=\"twitter:data1\" content=\"5 minutes\">\n<script type=\"application\/ld+json\" class=\"yoast-schema-graph\">{\"@context\":\"https:\/\/schema.org\",\"@graph\":[{\"@type\":\"Organization\",\"@id\":\"https:\/\/www.constructivealps.net\/#organization\",\"name\":\"Constructive Alps\",\"url\":\"https:\/\/www.constructivealps.net\/\",\"sameAs\":[\"https:\/\/web.facebook.com\/ConstructiveAlps\/\",\"https:\/\/instagram.com\/constructivealps\/\",\"https:\/\/www.pinterest.de\/ConstructiveA\/\"],\"logo\":{\"@type\":\"ImageObject\",\"@id\":\"https:\/\/www.constructivealps.net\/#logo\",\"inLanguage\":\"fr-FR\",\"url\":null,\"contentUrl\":null,\"width\":null,\"height\":null,\"caption\":\"Constructive Alps\"},\"image\":{\"@id\":\"https:\/\/www.constructivealps.net\/#logo\"}},{\"@type\":\"WebSite\",\"@id\":\"https:\/\/www.constructivealps.net\/#website\",\"url\":\"https:\/\/www.constructivealps.net\/\",\"name\":\"Constructive Alps\",\"description\":\"Internationaler Preis f\\u00fcr nachhaltiges Sanieren und Bauen in den Alpen\",\"publisher\":{\"@id\":\"https:\/\/www.constructivealps.net\/#organization\"},\"potentialAction\":[{\"@type\":\"SearchAction\",\"target\":\"https:\/\/www.constructivealps.net\/?s={search_term_string}\",\"query-input\":\"required name=search_term_string\"}],\"inLanguage\":\"fr-FR\"},{\"@type\":\"ImageObject\",\"@id\":\"https:\/\/www.constructivealps.net\/fr\/chapelle-de-montagne-de-kendlbruck-2\/#primaryimage\",\"inLanguage\":\"fr-FR\",\"url\":\"https:\/\/www.constructivealps.net\/wp-content\/uploads\/2020\/06\/KapelleKendlbruck_AlbrechtSchnabel.jpg\",\"contentUrl\":\"https:\/\/www.constructivealps.net\/wp-content\/uploads\/2020\/06\/KapelleKendlbruck_AlbrechtSchnabel.jpg\",\"width\":2000,\"height\":1333,\"caption\":\"\\u00a9 Albrecht Schnabel\"},{\"@type\":\"WebPage\",\"@id\":\"https:\/\/www.constructivealps.net\/fr\/chapelle-de-montagne-de-kendlbruck-2\/#webpage\",\"url\":\"https:\/\/www.constructivealps.net\/fr\/chapelle-de-montagne-de-kendlbruck-2\/\",\"name\":\"Chapelle de montagne de Kendlbruck | Constructive Alps\",\"isPartOf\":{\"@id\":\"https:\/\/www.constructivealps.net\/#website\"},\"primaryImageOfPage\":{\"@id\":\"https:\/\/www.constructivealps.net\/fr\/chapelle-de-montagne-de-kendlbruck-2\/#primaryimage\"},\"datePublished\":\"2020-11-06T13:09:35+00:00\",\"dateModified\":\"2021-07-26T09:28:38+00:00\",\"description\":\"projet 2020\",\"breadcrumb\":{\"@id\":\"https:\/\/www.constructivealps.net\/fr\/chapelle-de-montagne-de-kendlbruck-2\/#breadcrumb\"},\"inLanguage\":\"fr-FR\",\"potentialAction\":[{\"@type\":\"ReadAction\",\"target\":[\"https:\/\/www.constructivealps.net\/fr\/chapelle-de-montagne-de-kendlbruck-2\/\"]}]},{\"@type\":\"BreadcrumbList\",\"@id\":\"https:\/\/www.constructivealps.net\/fr\/chapelle-de-montagne-de-kendlbruck-2\/#breadcrumb\",\"itemListElement\":[{\"@type\":\"ListItem\",\"position\":1,\"item\":{\"@type\":\"WebPage\",\"@id\":\"https:\/\/www.constructivealps.net\/fr\/\",\"url\":\"https:\/\/www.constructivealps.net\/fr\/\",\"name\":\"Startseite\"}},{\"@type\":\"ListItem\",\"position\":2,\"item\":{\"@type\":\"WebPage\",\"@id\":\"https:\/\/www.constructivealps.net\/fr\/chapelle-de-montagne-de-kendlbruck-2\/\",\"url\":\"https:\/\/www.constructivealps.net\/fr\/chapelle-de-montagne-de-kendlbruck-2\/\",\"name\":\"Chapelle de montagne de Kendlbruck\"}}]},{\"@type\":\"Article\",\"@id\":\"https:\/\/www.constructivealps.net\/fr\/chapelle-de-montagne-de-kendlbruck-2\/#article\",\"isPartOf\":{\"@id\":\"https:\/\/www.constructivealps.net\/fr\/chapelle-de-montagne-de-kendlbruck-2\/#webpage\"},\"author\":{\"@id\":\"https:\/\/www.constructivealps.net\/#\/schema\/person\/deeeb9e6cb2b95462f03af1f6988e03e\"},\"headline\":\"Chapelle de montagne de Kendlbruck\",\"datePublished\":\"2020-11-06T13:09:35+00:00\",\"dateModified\":\"2021-07-26T09:28:38+00:00\",\"mainEntityOfPage\":{\"@id\":\"https:\/\/www.constructivealps.net\/fr\/chapelle-de-montagne-de-kendlbruck-2\/#webpage\"},\"publisher\":{\"@id\":\"https:\/\/www.constructivealps.net\/#organization\"},\"image\":{\"@id\":\"https:\/\/www.constructivealps.net\/fr\/chapelle-de-montagne-de-kendlbruck-2\/#primaryimage\"},\"articleSection\":\"Projet 2020,Projets,Reconnaissance 2020\",\"inLanguage\":\"fr-FR\"},{\"@type\":\"Person\",\"@id\":\"https:\/\/www.constructivealps.net\/#\/schema\/person\/deeeb9e6cb2b95462f03af1f6988e03e\",\"name\":\"constructive\",\"image\":{\"@type\":\"ImageObject\",\"@id\":\"https:\/\/www.constructivealps.net\/#personlogo\",\"inLanguage\":\"fr-FR\",\"url\":\"https:\/\/secure.gravatar.com\/avatar\/b46d7f376bcdae473d47cf3d39c62f46?s=96&d=mm&r=g\",\"contentUrl\":\"https:\/\/secure.gravatar.com\/avatar\/b46d7f376bcdae473d47cf3d39c62f46?s=96&d=mm&r=g\",\"caption\":\"constructive\"}}]}<\/script>\n<!-- \/ Yoast SEO plugin. -->","_links":{"self":[{"href":"https:\/\/www.constructivealps.net\/fr\/wp-json\/wp\/v2\/posts\/7485"}],"collection":[{"href":"https:\/\/www.constructivealps.net\/fr\/wp-json\/wp\/v2\/posts"}],"about":[{"href":"https:\/\/www.constructivealps.net\/fr\/wp-json\/wp\/v2\/types\/post"}],"author":[{"embeddable":true,"href":"https:\/\/www.constructivealps.net\/fr\/wp-json\/wp\/v2\/users\/1"}],"replies":[{"embeddable":true,"href":"https:\/\/www.constructivealps.net\/fr\/wp-json\/wp\/v2\/comments?post=7485"}],"version-history":[{"count":6,"href":"https:\/\/www.constructivealps.net\/fr\/wp-json\/wp\/v2\/posts\/7485\/revisions"}],"predecessor-version":[{"id":8228,"href":"https:\/\/www.constructivealps.net\/fr\/wp-json\/wp\/v2\/posts\/7485\/revisions\/8228"}],"wp:featuredmedia":[{"embeddable":true,"href":"https:\/\/www.constructivealps.net\/fr\/wp-json\/wp\/v2\/media\/5927"}],"wp:attachment":[{"href":"https:\/\/www.constructivealps.net\/fr\/wp-json\/wp\/v2\/media?parent=7485"}],"wp:term":[{"taxonomy":"category","embeddable":true,"href":"https:\/\/www.constructivealps.net\/fr\/wp-json\/wp\/v2\/categories?post=7485"},{"taxonomy":"post_tag","embeddable":true,"href":"https:\/\/www.constructivealps.net\/fr\/wp-json\/wp\/v2\/tags?post=7485"}],"curies":[{"name":"wp","href":"https:\/\/api.w.org\/{rel}","templated":true}]}}