{"id":7494,"date":"2020-11-06T14:14:12","date_gmt":"2020-11-06T13:14:12","guid":{"rendered":"http:\/\/www.constructivealps.net\/?p=7494"},"modified":"2021-07-27T16:29:50","modified_gmt":"2021-07-27T14:29:50","slug":"maison-communautaire-ste-ursule","status":"publish","type":"post","link":"https:\/\/www.constructivealps.net\/fr\/maison-communautaire-ste-ursule\/","title":{"rendered":"Maison communautaire Ste-Ursule"},"content":{"rendered":"<p><div class=\"fusion-fullwidth fullwidth-box fusion-builder-row-1 project-head hundred-percent-fullwidth non-hundred-percent-height-scrolling fusion-equal-height-columns\" style=\"background-color: #7eab52;background-position: center center;background-repeat: no-repeat;padding-top:0px;padding-right:0px;padding-bottom:0px;padding-left:0px;margin-bottom: 0px;border-width: 0px 0px 0px 0px;border-color:#eae9e9;border-style:solid;\" ><div class=\"fusion-builder-row fusion-row\"><div class=\"fusion-layout-column fusion_builder_column fusion-builder-column-0 fusion_builder_column_2_3 2_3 fusion-two-third fusion-column-first\" style=\"width:66.666666666667%;width:calc(66.666666666667% - ( ( 0 ) * 0.66666666666667 ) );margin-right: 0px;margin-top:0px;margin-bottom:0px;\"><div class=\"fusion-column-wrapper fusion-flex-column-wrapper-legacy\" style=\"background-position:left top;background-repeat:no-repeat;-webkit-background-size:cover;-moz-background-size:cover;-o-background-size:cover;background-size:cover;background-color:#7eab52;padding: 0px 0px 0px 0px;\"><span class=\" fusion-imageframe imageframe-none imageframe-1 hover-type-none head-img\" style=\"width:100%;max-width:100%;\"><a href=\"https:\/\/www.constructivealps.net\/wp-content\/uploads\/2020\/06\/1-Anleg-Permakulturgarten-1_Michel-Bonvin.jpg\" class=\"fusion-lightbox\" data-rel=\"iLightbox[e55d239aa62f8ab116c]\" data-caption=\"\u00a9 Michel Bonvin\" data-title=\"1 Anleg Permakulturgarten 1_Michel Bonvin\" title=\"1 Anleg Permakulturgarten 1_Michel Bonvin\"><img width=\"2000\" height=\"1500\" src=\"https:\/\/www.constructivealps.net\/wp-content\/uploads\/2020\/06\/1-Anleg-Permakulturgarten-1_Michel-Bonvin.jpg\" class=\"img-responsive wp-image-6121\" srcset=\"https:\/\/www.constructivealps.net\/wp-content\/uploads\/2020\/06\/1-Anleg-Permakulturgarten-1_Michel-Bonvin-200x150.jpg 200w, https:\/\/www.constructivealps.net\/wp-content\/uploads\/2020\/06\/1-Anleg-Permakulturgarten-1_Michel-Bonvin-400x300.jpg 400w, https:\/\/www.constructivealps.net\/wp-content\/uploads\/2020\/06\/1-Anleg-Permakulturgarten-1_Michel-Bonvin-600x450.jpg 600w, https:\/\/www.constructivealps.net\/wp-content\/uploads\/2020\/06\/1-Anleg-Permakulturgarten-1_Michel-Bonvin-800x600.jpg 800w, https:\/\/www.constructivealps.net\/wp-content\/uploads\/2020\/06\/1-Anleg-Permakulturgarten-1_Michel-Bonvin-1200x900.jpg 1200w, https:\/\/www.constructivealps.net\/wp-content\/uploads\/2020\/06\/1-Anleg-Permakulturgarten-1_Michel-Bonvin.jpg 2000w\" sizes=\"(max-width: 1125px) 100vw, 2000px\" \/><\/a><\/span><div class=\"fusion-clearfix\"><\/div><\/div><\/div><div class=\"fusion-layout-column fusion_builder_column fusion-builder-column-1 fusion_builder_column_1_3 1_3 fusion-one-third fusion-column-last rating-box fusion-column-no-min-height\" style=\"width:33.333333333333%;width:calc(33.333333333333% - ( ( 0 ) * 0.33333333333333 ) );margin-top:0px;margin-bottom:0px;\"><div class=\"fusion-column-wrapper fusion-flex-column-wrapper-legacy\" style=\"background-position:left top;background-repeat:no-repeat;-webkit-background-size:cover;-moz-background-size:cover;-o-background-size:cover;background-size:cover;background-color:#7eab52;padding: 2vh 0px 2vh 0px;\"><div class=\"fusion-column-content-centered\"><div class=\"fusion-column-content\"><div class=\"imageframe-align-center\"><span class=\" fusion-imageframe imageframe-none imageframe-2 hover-type-none\"><img width=\"190\" height=\"210\" title=\"Button-Recognition\" src=\"https:\/\/www.constructivealps.net\/wp-content\/uploads\/2020\/11\/Button-Recognition.png\" class=\"img-responsive wp-image-8223\"\/><\/span><\/div><\/div><\/div><div class=\"fusion-clearfix\"><\/div><\/div><\/div><\/div><\/div><div class=\"fusion-fullwidth fullwidth-box fusion-builder-row-2 nonhundred-percent-fullwidth non-hundred-percent-height-scrolling\" style=\"background-color: rgba(255,255,255,0.9);background-position: center center;background-repeat: no-repeat;padding-top:0px;padding-right:0px;padding-bottom:0px;padding-left:0px;margin-bottom: 0px;margin-top: 0px;border-width: 0px 0px 0px 0px;border-color:#eae9e9;border-style:solid;\" ><div class=\"fusion-builder-row fusion-row\"><div class=\"fusion-layout-column fusion_builder_column fusion-builder-column-2 fusion_builder_column_1_1 1_1 fusion-one-full fusion-column-first fusion-column-last\" style=\"margin-top:0px;margin-bottom:0px;\"><div class=\"fusion-column-wrapper fusion-flex-column-wrapper-legacy\" style=\"background-position:left top;background-repeat:no-repeat;-webkit-background-size:cover;-moz-background-size:cover;-o-background-size:cover;background-size:cover;padding: 3vh 3% 0px 3%;\"><style type=\"text\/css\">@media only screen and (max-width:800px) {.fusion-title.fusion-title-1{margin-top:0px!important;margin-bottom:0px!important;}}<\/style><div class=\"fusion-title title fusion-title-1 fusion-sep-none fusion-title-text fusion-title-size-two\" style=\"margin-top:0px;margin-right:0px;margin-bottom:0px;margin-left:0px;\"><h2 class=\"title-heading-left\" style=\"margin:0;\">Maison communautaire Ste-Ursule<\/h2><\/div><div class=\"fusion-clearfix\"><\/div><\/div><\/div><\/div><\/div><div class=\"fusion-fullwidth fullwidth-box fusion-builder-row-3 project-content hundred-percent-fullwidth non-hundred-percent-height-scrolling fusion-equal-height-columns\" style=\"background-color: rgba(255,255,255,0.9);background-position: center center;background-repeat: no-repeat;background-blend-mode: overlay;padding-top:0px;padding-right:0px;padding-bottom:0px;padding-left:0px;margin-bottom: 0px;border-width: 0px 0px 0px 0px;border-color:#eae9e9;border-style:solid;\" ><div class=\"fusion-builder-row fusion-row\"><div class=\"fusion-layout-column fusion_builder_column fusion-builder-column-3 fusion_builder_column_1_2 1_2 fusion-one-half fusion-column-first\" style=\"width:50%;width:calc(50% - ( ( 0 ) * 0.5 ) );margin-right: 0px;margin-top:0px;margin-bottom:20px;\"><div class=\"fusion-column-wrapper fusion-flex-column-wrapper-legacy\" style=\"background-position:left top;background-repeat:no-repeat;-webkit-background-size:cover;-moz-background-size:cover;-o-background-size:cover;background-size:cover;padding: 3vh 6% 3% 6%;\"><div class=\"fusion-column-content-centered\"><div class=\"fusion-column-content\"><style type=\"text\/css\"><\/style><div class=\"fusion-title title fusion-title-2 fusion-sep-none fusion-title-text fusion-title-size-four\" style=\"margin-top:0px;margin-right:0px;margin-bottom:31px;margin-left:0px;\"><h4 class=\"title-heading-left\" style=\"margin:0;\">Riedbachstrasse26, Brig \/ CH<\/h4><\/div>\n<div class=\"table-1\">\n<table width=\"100%\">\n<tbody>\n<tr>\n<td align=\"left\"><strong>Reconnaissance:<\/strong><\/td>\n<td align=\"left\"> 2020<\/td>\n<\/tr>\n<tr>\n<td align=\"left\"><strong>Propri\u00e9taire du b\u00e2timent :<\/strong><\/td>\n<td align=\"left\">Kloster St. Ursula, Brig<\/td>\n<\/tr>\n<tr>\n<td align=\"left\"><strong>Architecture :<\/strong><\/td>\n<td align=\"left\">Walliser Architekten GmbH, sona<\/td>\n<\/tr>\n<tr>\n<td align=\"left\"><strong>Physique du b\u00e2timent :<\/strong><\/td>\n<td align=\"left\">Weber Energie und Bauphysik AG<\/td>\n<\/tr>\n<tr>\n<td align=\"left\"><strong>Statique :<\/strong><\/td>\n<td align=\"left\">Makiol Wiederkehr AG<\/td>\n<\/tr>\n<tr>\n<td align=\"left\"><strong>Co\u00fbts de construction :<\/strong><\/td>\n<td align=\"left\">\u20ac 7.1 Mio.<\/td>\n<\/tr>\n<tr>\n<td align=\"left\"><strong>Chiffres sur l&rsquo;\u00e9n\u00e9rgie :<\/strong><\/td>\n<td align=\"left\">30.8 kWh \/ m\u00b2a<\/td>\n<\/tr>\n<tr>\n<td align=\"left\"><strong>Ann\u00e9e de construction :<\/strong><\/td>\n<td align=\"left\">2019<\/td>\n<\/tr>\n<tr>\n<td align=\"left\"><strong>Type de construction :<\/strong><\/td>\n<td align=\"left\">B\u00e2timent neuf<\/td>\n<\/tr>\n<tr>\n<td align=\"left\"><strong>Fonction du b\u00e2timent :<\/strong><\/td>\n<td align=\"left\">Habitations Priv\u00e9es<\/td>\n<\/tr>\n<tr>\n<td align=\"left\"><strong>Article dans \u00ab\u00a0Hochparterre\u00a0\u00bb<\/strong><\/td>\n<td align=\"left\"><a href=\"\" target=\"_blank\" rel=\"noopener noreferrer\"><div class=\"fusion-fa-align-left\"><i class=\"fb-icon-element-1 fb-icon-element fontawesome-icon fa-file-pdf fas circle-yes\" style=\"font-size:13.2px;line-height:24.4px;height:26.4px;width:26.4px;border-width:1px;margin-right:7.5px;\"><\/i><\/div><style>i.fb-icon-element.fontawesome-icon.fb-icon-element-1{ color: #ffffff; background-color: #bb0706; border-color: #bb0706;}i.fb-icon-element.fontawesome-icon.fb-icon-element-1:hover { color: #ffffff; background-color: #bb0706; border-color: #bb0706;}<\/style><\/a><\/td>\n<\/tr>\n<\/tbody>\n<\/table>\n<\/div>\n<div class=\"fusion-text fusion-text-1 info-feld\"><pre><code>Tabellen Elemente die nicht gebraucht werden in Table (oben^^) in der Text Ansicht von und mit &lt;tr&gt; bis und mit &lt;\/tr&gt; l\u00f6schen oder auskommentieren &lt;!-- *&lt;tr&gt;...&lt;\/tr&gt;* --&gt;<\/code><\/pre>\n<\/div><div class=\"fusion-text fusion-text-2 info-feld\"><pre><code>Tabelle wird durch Projekt Info Felder generiert ---&gt;<\/code><\/pre>\n<\/div><\/div><\/div><div class=\"fusion-clearfix\"><\/div><\/div><\/div><div class=\"fusion-layout-column fusion_builder_column fusion-builder-column-4 fusion_builder_column_1_2 1_2 fusion-one-half fusion-column-last\" style=\"width:50%;width:calc(50% - ( ( 0 ) * 0.5 ) );margin-top:0px;margin-bottom:20px;\"><div class=\"fusion-column-wrapper fusion-flex-column-wrapper-legacy\" style=\"background-position:left top;background-repeat:no-repeat;-webkit-background-size:cover;-moz-background-size:cover;-o-background-size:cover;background-size:cover;padding: 6% 6% 3% 6%;\"><div class=\"fusion-column-content-centered\"><div class=\"fusion-column-content\"><div class=\"fusion-image-carousel fusion-image-carousel-auto lightbox-enabled fusion-carousel-border wp-caption\"><div class=\"fusion-carousel\" data-autoplay=\"yes\" data-columns=\"1\" data-itemmargin=\"0\" data-itemwidth=\"180\" data-touchscroll=\"no\" data-imagesize=\"auto\"><div class=\"fusion-carousel-positioner\"><ul class=\"fusion-carousel-holder\"><li class=\"fusion-carousel-item\"><div class=\"fusion-carousel-item-wrapper\"><div class=\"fusion-image-wrapper hover-type-zoomin\"><a data-rel=\"iLightbox[image_carousel_1]\" data-caption=\"\u00a9 Michel Bonvin\" data-title=\"11 Innenraum 1_Michel Bonvin\" aria-label=\"11 Innenraum 1_Michel Bonvin\" href=\"http:\/\/www.constructivealps.net\/wp-content\/uploads\/2020\/06\/11-Innenraum-1_Michel-Bonvin-1024x768.jpg\" target=\"_self\"><img width=\"2000\" height=\"1500\" src=\"https:\/\/www.constructivealps.net\/wp-content\/uploads\/2020\/06\/11-Innenraum-1_Michel-Bonvin.jpg\" class=\"attachment-full size-full\" alt=\"\" srcset=\"https:\/\/www.constructivealps.net\/wp-content\/uploads\/2020\/06\/11-Innenraum-1_Michel-Bonvin-200x150.jpg 200w, https:\/\/www.constructivealps.net\/wp-content\/uploads\/2020\/06\/11-Innenraum-1_Michel-Bonvin-300x225.jpg 300w, https:\/\/www.constructivealps.net\/wp-content\/uploads\/2020\/06\/11-Innenraum-1_Michel-Bonvin-400x300.jpg 400w, https:\/\/www.constructivealps.net\/wp-content\/uploads\/2020\/06\/11-Innenraum-1_Michel-Bonvin-600x450.jpg 600w, https:\/\/www.constructivealps.net\/wp-content\/uploads\/2020\/06\/11-Innenraum-1_Michel-Bonvin-768x576.jpg 768w, https:\/\/www.constructivealps.net\/wp-content\/uploads\/2020\/06\/11-Innenraum-1_Michel-Bonvin-800x600.jpg 800w, https:\/\/www.constructivealps.net\/wp-content\/uploads\/2020\/06\/11-Innenraum-1_Michel-Bonvin-1024x768.jpg 1024w, https:\/\/www.constructivealps.net\/wp-content\/uploads\/2020\/06\/11-Innenraum-1_Michel-Bonvin-1200x900.jpg 1200w, https:\/\/www.constructivealps.net\/wp-content\/uploads\/2020\/06\/11-Innenraum-1_Michel-Bonvin.jpg 2000w\" sizes=\"(max-width: 2000px) 100vw, 2000px\" \/><\/a><\/div><\/div><\/li><li class=\"fusion-carousel-item\"><div class=\"fusion-carousel-item-wrapper\"><div class=\"fusion-image-wrapper hover-type-zoomin\"><a data-rel=\"iLightbox[image_carousel_1]\" data-caption=\"\u00a9 Michel Bonvin\" data-title=\"1 Anleg Permakulturgarten 1_Michel Bonvin\" aria-label=\"1 Anleg Permakulturgarten 1_Michel Bonvin\" href=\"http:\/\/www.constructivealps.net\/wp-content\/uploads\/2020\/06\/1-Anleg-Permakulturgarten-1_Michel-Bonvin-1024x768.jpg\" target=\"_self\"><img width=\"2000\" height=\"1500\" src=\"https:\/\/www.constructivealps.net\/wp-content\/uploads\/2020\/06\/1-Anleg-Permakulturgarten-1_Michel-Bonvin.jpg\" class=\"attachment-full size-full\" alt=\"\" srcset=\"https:\/\/www.constructivealps.net\/wp-content\/uploads\/2020\/06\/1-Anleg-Permakulturgarten-1_Michel-Bonvin-200x150.jpg 200w, https:\/\/www.constructivealps.net\/wp-content\/uploads\/2020\/06\/1-Anleg-Permakulturgarten-1_Michel-Bonvin-300x225.jpg 300w, https:\/\/www.constructivealps.net\/wp-content\/uploads\/2020\/06\/1-Anleg-Permakulturgarten-1_Michel-Bonvin-400x300.jpg 400w, https:\/\/www.constructivealps.net\/wp-content\/uploads\/2020\/06\/1-Anleg-Permakulturgarten-1_Michel-Bonvin-600x450.jpg 600w, https:\/\/www.constructivealps.net\/wp-content\/uploads\/2020\/06\/1-Anleg-Permakulturgarten-1_Michel-Bonvin-768x576.jpg 768w, https:\/\/www.constructivealps.net\/wp-content\/uploads\/2020\/06\/1-Anleg-Permakulturgarten-1_Michel-Bonvin-800x600.jpg 800w, https:\/\/www.constructivealps.net\/wp-content\/uploads\/2020\/06\/1-Anleg-Permakulturgarten-1_Michel-Bonvin-1024x768.jpg 1024w, https:\/\/www.constructivealps.net\/wp-content\/uploads\/2020\/06\/1-Anleg-Permakulturgarten-1_Michel-Bonvin-1200x900.jpg 1200w, https:\/\/www.constructivealps.net\/wp-content\/uploads\/2020\/06\/1-Anleg-Permakulturgarten-1_Michel-Bonvin.jpg 2000w\" sizes=\"(max-width: 2000px) 100vw, 2000px\" \/><\/a><\/div><\/div><\/li><li class=\"fusion-carousel-item\"><div class=\"fusion-carousel-item-wrapper\"><div class=\"fusion-image-wrapper hover-type-zoomin\"><a data-rel=\"iLightbox[image_carousel_1]\" data-caption=\"\u00a9 Michel Bonvin\" data-title=\"6 Verbindungstunnel Garten_Michel Bonvin\" aria-label=\"6 Verbindungstunnel Garten_Michel Bonvin\" href=\"http:\/\/www.constructivealps.net\/wp-content\/uploads\/2020\/06\/6-Verbindungstunnel-Garten_Michel-Bonvin-1024x768.jpg\" target=\"_self\"><img width=\"2000\" height=\"1500\" src=\"https:\/\/www.constructivealps.net\/wp-content\/uploads\/2020\/06\/6-Verbindungstunnel-Garten_Michel-Bonvin.jpg\" class=\"attachment-full size-full\" alt=\"\" srcset=\"https:\/\/www.constructivealps.net\/wp-content\/uploads\/2020\/06\/6-Verbindungstunnel-Garten_Michel-Bonvin-200x150.jpg 200w, https:\/\/www.constructivealps.net\/wp-content\/uploads\/2020\/06\/6-Verbindungstunnel-Garten_Michel-Bonvin-300x225.jpg 300w, https:\/\/www.constructivealps.net\/wp-content\/uploads\/2020\/06\/6-Verbindungstunnel-Garten_Michel-Bonvin-400x300.jpg 400w, https:\/\/www.constructivealps.net\/wp-content\/uploads\/2020\/06\/6-Verbindungstunnel-Garten_Michel-Bonvin-600x450.jpg 600w, https:\/\/www.constructivealps.net\/wp-content\/uploads\/2020\/06\/6-Verbindungstunnel-Garten_Michel-Bonvin-768x576.jpg 768w, https:\/\/www.constructivealps.net\/wp-content\/uploads\/2020\/06\/6-Verbindungstunnel-Garten_Michel-Bonvin-800x600.jpg 800w, https:\/\/www.constructivealps.net\/wp-content\/uploads\/2020\/06\/6-Verbindungstunnel-Garten_Michel-Bonvin-1024x768.jpg 1024w, https:\/\/www.constructivealps.net\/wp-content\/uploads\/2020\/06\/6-Verbindungstunnel-Garten_Michel-Bonvin-1200x900.jpg 1200w, https:\/\/www.constructivealps.net\/wp-content\/uploads\/2020\/06\/6-Verbindungstunnel-Garten_Michel-Bonvin.jpg 2000w\" sizes=\"(max-width: 2000px) 100vw, 2000px\" \/><\/a><\/div><\/div><\/li><\/ul><div class=\"fusion-carousel-nav\"><span class=\"fusion-nav-prev\"><\/span><span class=\"fusion-nav-next\"><\/span><\/div><\/div><\/div><\/div><\/div><\/div><div class=\"fusion-clearfix\"><\/div><\/div><\/div><\/div><\/div><div class=\"fusion-fullwidth fullwidth-box fusion-builder-row-4 project-content hundred-percent-fullwidth non-hundred-percent-height-scrolling fusion-equal-height-columns\" style=\"background-color: rgba(255,255,255,0.9);background-position: center center;background-repeat: no-repeat;background-blend-mode: overlay;padding-top:0px;padding-right:0px;padding-bottom:0px;padding-left:0px;border-width: 0px 0px 0px 0px;border-color:#eae9e9;border-style:solid;\" ><div class=\"fusion-builder-row fusion-row\"><div class=\"fusion-layout-column fusion_builder_column fusion-builder-column-5 fusion_builder_column_1_2 1_2 fusion-one-half fusion-column-first\" style=\"width:50%;width:calc(50% - ( ( 4% ) * 0.5 ) );margin-right: 4%;margin-top:0px;margin-bottom:20px;\"><div class=\"fusion-column-wrapper fusion-flex-column-wrapper-legacy\" style=\"background-position:left top;background-repeat:no-repeat;-webkit-background-size:cover;-moz-background-size:cover;-o-background-size:cover;background-size:cover;padding: 1% 6% 6% 6%;\"><div class=\"fusion-video fusion-youtube\" style=\"max-width:960px;max-height:540px;\"><div class=\"video-shortcode\"><iframe class=\"fusion-hidden\" data-privacy-type=\"youtube\" src=\"\" title=\"YouTube video player 1\" data-privacy-src=\"https:\/\/www.youtube.com\/embed\/GIC2qy6zJXs?wmode=transparent&autoplay=0\" width=\"960\" height=\"540\" allowfullscreen allow=\"autoplay; fullscreen\"><\/iframe><div class=\"fusion-privacy-placeholder\" style=\"width:960px; height:540px;\" data-privacy-type=\"youtube\"><div class=\"fusion-privacy-placeholder-content\"><div class=\"fusion-privacy-label\">For privacy reasons YouTube needs your permission to be loaded.<\/div><a href=\"\" data-privacy-type=\"youtube\" class=\"fusion-button button-default fusion-button-default-size button fusion-privacy-consent\">I Accept<\/a><\/div><\/div><\/div><\/div><div class=\"fusion-clearfix\"><\/div><\/div><\/div><div class=\"fusion-layout-column fusion_builder_column fusion-builder-column-6 fusion_builder_column_1_2 1_2 fusion-one-half fusion-column-last\" style=\"width:50%;width:calc(50% - ( ( 4% ) * 0.5 ) );margin-top:0px;margin-bottom:20px;\"><div class=\"fusion-column-wrapper fusion-flex-column-wrapper-legacy\" style=\"background-position:left top;background-repeat:no-repeat;-webkit-background-size:cover;-moz-background-size:cover;-o-background-size:cover;background-size:cover;padding: 0px 0px 0px 0px;\"><div class=\"fusion-text fusion-text-3\"><h3 style=\"text-align: center;\">L\u2019avis du jury<\/h3>\n<p style=\"text-align: center;\">\u00ab Sur un terrain de leur monast\u00e8re Ste-Ursule \u00e0 la p\u00e9riph\u00e9rie de la vieille ville, les s\u0153urs ont fait construire un b\u00e2timent exemplaire tant au plan social qu\u2019\u00e9cologique, au c\u0153ur d\u2019une joyeuse Babylone de l\u2019architecture. Les architectes ont d\u00e9pass\u00e9 toutes les attentes des s\u0153urs. De la conception aux d\u00e9tails de la r\u00e9alisation de ce b\u00e2timent en bois entre des parois de b\u00e9ton, des plans au jardin, des pi\u00e8ces et chambres en bois aux ferrures artisanales, le canton du Valais re\u00e7oit ce qu\u2019il ne conna\u00eet quasiment pas : une bonne et belle architecture contemporaine. \u00bb<\/p>\n<h3 style=\"text-align: center;\">En quoi ce projet est-il particulier ?<\/h3>\n<p style=\"text-align: center;\">La durabilit\u00e9 ne peut \u00eatre impos\u00e9e par des normes ou des technologies. Elle rel\u00e8ve d\u2019une posture int\u00e9rieure faite d\u2019amour, de respect et d\u2019attention ; de la conscience que tout est li\u00e9 avec tout, et qu\u2019on ne peut pas se contenter de prendre. En concevant, planifiant, construisant et vivant avec conscience, on ne peut agir autrement que de mani\u00e8re durable. Cette conscience commence par nous-m\u00eame, et rayonne ensuite dans le monde. Notre mission dans la vie est de l&rsquo;apprendre. Nous avons essay\u00e9 de r\u00e9aliser la maison communautaire Ste-Ursule en harmonie avec cette vision. Avec des mat\u00e9riaux locaux et des techniques traditionnelles, nous avons cr\u00e9\u00e9 une maison qui propose des logements abordables. Ces appartements sont ouverts \u00e0 des locataires qui ont le sens de la communaut\u00e9, et qui prennent soin de leur habitation, afin qu&rsquo;elle puisse abriter de nombreuses g\u00e9n\u00e9rations futures.<\/p>\n<\/div><div class=\"fusion-clearfix\"><\/div><\/div><\/div><\/div><\/div><\/p>\n","protected":false},"excerpt":{"rendered":"","protected":false},"author":1,"featured_media":6121,"comment_status":"closed","ping_status":"closed","sticky":false,"template":"","format":"standard","meta":[],"categories":[88,68,95],"tags":[],"yoast_head":"<!-- This site is optimized with the Yoast SEO plugin v16.1.1 - https:\/\/yoast.com\/wordpress\/plugins\/seo\/ -->\n<title>Maison communautaire Ste-Ursule | Constructive Alps<\/title>\n<meta name=\"description\" content=\"projet 2020\" \/>\n<link rel=\"canonical\" href=\"https:\/\/www.constructivealps.net\/fr\/maison-communautaire-ste-ursule\/\" \/>\n<meta property=\"og:locale\" content=\"fr_FR\" \/>\n<meta property=\"og:type\" content=\"article\" \/>\n<meta property=\"og:title\" content=\"Maison communautaire Ste-Ursule | Constructive Alps\" \/>\n<meta property=\"og:description\" content=\"projet 2020\" \/>\n<meta property=\"og:url\" content=\"https:\/\/www.constructivealps.net\/fr\/maison-communautaire-ste-ursule\/\" \/>\n<meta property=\"og:site_name\" content=\"Constructive Alps\" \/>\n<meta property=\"article:publisher\" content=\"https:\/\/web.facebook.com\/ConstructiveAlps\/\" \/>\n<meta property=\"article:published_time\" content=\"2020-11-06T13:14:12+00:00\" \/>\n<meta property=\"article:modified_time\" content=\"2021-07-27T14:29:50+00:00\" \/>\n<meta property=\"og:image\" content=\"https:\/\/www.constructivealps.net\/wp-content\/uploads\/2020\/06\/1-Anleg-Permakulturgarten-1_Michel-Bonvin.jpg\" \/>\n\t<meta property=\"og:image:width\" content=\"2000\" \/>\n\t<meta property=\"og:image:height\" content=\"1500\" \/>\n<meta name=\"twitter:card\" content=\"summary_large_image\" \/>\n<meta name=\"twitter:label1\" content=\"Dur\u00e9e de lecture est.\">\n\t<meta name=\"twitter:data1\" content=\"5 minutes\">\n<script type=\"application\/ld+json\" class=\"yoast-schema-graph\">{\"@context\":\"https:\/\/schema.org\",\"@graph\":[{\"@type\":\"Organization\",\"@id\":\"https:\/\/www.constructivealps.net\/#organization\",\"name\":\"Constructive Alps\",\"url\":\"https:\/\/www.constructivealps.net\/\",\"sameAs\":[\"https:\/\/web.facebook.com\/ConstructiveAlps\/\",\"https:\/\/instagram.com\/constructivealps\/\",\"https:\/\/www.pinterest.de\/ConstructiveA\/\"],\"logo\":{\"@type\":\"ImageObject\",\"@id\":\"https:\/\/www.constructivealps.net\/#logo\",\"inLanguage\":\"fr-FR\",\"url\":null,\"contentUrl\":null,\"width\":null,\"height\":null,\"caption\":\"Constructive Alps\"},\"image\":{\"@id\":\"https:\/\/www.constructivealps.net\/#logo\"}},{\"@type\":\"WebSite\",\"@id\":\"https:\/\/www.constructivealps.net\/#website\",\"url\":\"https:\/\/www.constructivealps.net\/\",\"name\":\"Constructive Alps\",\"description\":\"Internationaler Preis f\\u00fcr nachhaltiges Sanieren und Bauen in den Alpen\",\"publisher\":{\"@id\":\"https:\/\/www.constructivealps.net\/#organization\"},\"potentialAction\":[{\"@type\":\"SearchAction\",\"target\":\"https:\/\/www.constructivealps.net\/?s={search_term_string}\",\"query-input\":\"required name=search_term_string\"}],\"inLanguage\":\"fr-FR\"},{\"@type\":\"ImageObject\",\"@id\":\"https:\/\/www.constructivealps.net\/fr\/maison-communautaire-ste-ursule\/#primaryimage\",\"inLanguage\":\"fr-FR\",\"url\":\"https:\/\/www.constructivealps.net\/wp-content\/uploads\/2020\/06\/1-Anleg-Permakulturgarten-1_Michel-Bonvin.jpg\",\"contentUrl\":\"https:\/\/www.constructivealps.net\/wp-content\/uploads\/2020\/06\/1-Anleg-Permakulturgarten-1_Michel-Bonvin.jpg\",\"width\":2000,\"height\":1500,\"caption\":\"\\u00a9 Michel Bonvin\"},{\"@type\":\"WebPage\",\"@id\":\"https:\/\/www.constructivealps.net\/fr\/maison-communautaire-ste-ursule\/#webpage\",\"url\":\"https:\/\/www.constructivealps.net\/fr\/maison-communautaire-ste-ursule\/\",\"name\":\"Maison communautaire Ste-Ursule | Constructive Alps\",\"isPartOf\":{\"@id\":\"https:\/\/www.constructivealps.net\/#website\"},\"primaryImageOfPage\":{\"@id\":\"https:\/\/www.constructivealps.net\/fr\/maison-communautaire-ste-ursule\/#primaryimage\"},\"datePublished\":\"2020-11-06T13:14:12+00:00\",\"dateModified\":\"2021-07-27T14:29:50+00:00\",\"description\":\"projet 2020\",\"breadcrumb\":{\"@id\":\"https:\/\/www.constructivealps.net\/fr\/maison-communautaire-ste-ursule\/#breadcrumb\"},\"inLanguage\":\"fr-FR\",\"potentialAction\":[{\"@type\":\"ReadAction\",\"target\":[\"https:\/\/www.constructivealps.net\/fr\/maison-communautaire-ste-ursule\/\"]}]},{\"@type\":\"BreadcrumbList\",\"@id\":\"https:\/\/www.constructivealps.net\/fr\/maison-communautaire-ste-ursule\/#breadcrumb\",\"itemListElement\":[{\"@type\":\"ListItem\",\"position\":1,\"item\":{\"@type\":\"WebPage\",\"@id\":\"https:\/\/www.constructivealps.net\/fr\/\",\"url\":\"https:\/\/www.constructivealps.net\/fr\/\",\"name\":\"Startseite\"}},{\"@type\":\"ListItem\",\"position\":2,\"item\":{\"@type\":\"WebPage\",\"@id\":\"https:\/\/www.constructivealps.net\/fr\/maison-communautaire-ste-ursule\/\",\"url\":\"https:\/\/www.constructivealps.net\/fr\/maison-communautaire-ste-ursule\/\",\"name\":\"Maison communautaire Ste-Ursule\"}}]},{\"@type\":\"Article\",\"@id\":\"https:\/\/www.constructivealps.net\/fr\/maison-communautaire-ste-ursule\/#article\",\"isPartOf\":{\"@id\":\"https:\/\/www.constructivealps.net\/fr\/maison-communautaire-ste-ursule\/#webpage\"},\"author\":{\"@id\":\"https:\/\/www.constructivealps.net\/#\/schema\/person\/deeeb9e6cb2b95462f03af1f6988e03e\"},\"headline\":\"Maison communautaire Ste-Ursule\",\"datePublished\":\"2020-11-06T13:14:12+00:00\",\"dateModified\":\"2021-07-27T14:29:50+00:00\",\"mainEntityOfPage\":{\"@id\":\"https:\/\/www.constructivealps.net\/fr\/maison-communautaire-ste-ursule\/#webpage\"},\"publisher\":{\"@id\":\"https:\/\/www.constructivealps.net\/#organization\"},\"image\":{\"@id\":\"https:\/\/www.constructivealps.net\/fr\/maison-communautaire-ste-ursule\/#primaryimage\"},\"articleSection\":\"Projet 2020,Projets,Reconnaissance 2020\",\"inLanguage\":\"fr-FR\"},{\"@type\":\"Person\",\"@id\":\"https:\/\/www.constructivealps.net\/#\/schema\/person\/deeeb9e6cb2b95462f03af1f6988e03e\",\"name\":\"constructive\",\"image\":{\"@type\":\"ImageObject\",\"@id\":\"https:\/\/www.constructivealps.net\/#personlogo\",\"inLanguage\":\"fr-FR\",\"url\":\"https:\/\/secure.gravatar.com\/avatar\/b46d7f376bcdae473d47cf3d39c62f46?s=96&d=mm&r=g\",\"contentUrl\":\"https:\/\/secure.gravatar.com\/avatar\/b46d7f376bcdae473d47cf3d39c62f46?s=96&d=mm&r=g\",\"caption\":\"constructive\"}}]}<\/script>\n<!-- \/ Yoast SEO plugin. -->","_links":{"self":[{"href":"https:\/\/www.constructivealps.net\/fr\/wp-json\/wp\/v2\/posts\/7494"}],"collection":[{"href":"https:\/\/www.constructivealps.net\/fr\/wp-json\/wp\/v2\/posts"}],"about":[{"href":"https:\/\/www.constructivealps.net\/fr\/wp-json\/wp\/v2\/types\/post"}],"author":[{"embeddable":true,"href":"https:\/\/www.constructivealps.net\/fr\/wp-json\/wp\/v2\/users\/1"}],"replies":[{"embeddable":true,"href":"https:\/\/www.constructivealps.net\/fr\/wp-json\/wp\/v2\/comments?post=7494"}],"version-history":[{"count":10,"href":"https:\/\/www.constructivealps.net\/fr\/wp-json\/wp\/v2\/posts\/7494\/revisions"}],"predecessor-version":[{"id":8354,"href":"https:\/\/www.constructivealps.net\/fr\/wp-json\/wp\/v2\/posts\/7494\/revisions\/8354"}],"wp:featuredmedia":[{"embeddable":true,"href":"https:\/\/www.constructivealps.net\/fr\/wp-json\/wp\/v2\/media\/6121"}],"wp:attachment":[{"href":"https:\/\/www.constructivealps.net\/fr\/wp-json\/wp\/v2\/media?parent=7494"}],"wp:term":[{"taxonomy":"category","embeddable":true,"href":"https:\/\/www.constructivealps.net\/fr\/wp-json\/wp\/v2\/categories?post=7494"},{"taxonomy":"post_tag","embeddable":true,"href":"https:\/\/www.constructivealps.net\/fr\/wp-json\/wp\/v2\/tags?post=7494"}],"curies":[{"name":"wp","href":"https:\/\/api.w.org\/{rel}","templated":true}]}}