{"id":9624,"date":"2022-04-08T14:21:01","date_gmt":"2022-04-08T12:21:01","guid":{"rendered":"https:\/\/www.constructivealps.net\/?p=9624"},"modified":"2022-07-11T14:13:51","modified_gmt":"2022-07-11T12:13:51","slug":"chapelle-de-la-resurrection","status":"publish","type":"post","link":"https:\/\/www.constructivealps.net\/fr\/chapelle-de-la-resurrection\/","title":{"rendered":"Chapelle de la R\u00e9surrection"},"content":{"rendered":"<p><div class=\"fusion-fullwidth fullwidth-box fusion-builder-row-1 project-head hundred-percent-fullwidth non-hundred-percent-height-scrolling fusion-equal-height-columns\" style=\"background-color: #7eab52;background-position: center center;background-repeat: no-repeat;padding-top:0px;padding-right:0px;padding-bottom:0px;padding-left:0px;margin-bottom: 0px;border-width: 0px 0px 0px 0px;border-color:#eae9e9;border-style:solid;\" ><div class=\"fusion-builder-row fusion-row\"><div class=\"fusion-layout-column fusion_builder_column fusion-builder-column-0 fusion_builder_column_2_3 2_3 fusion-two-third fusion-column-first\" style=\"width:66.666666666667%;width:calc(66.666666666667% - ( ( 0 ) * 0.66666666666667 ) );margin-right: 0px;margin-top:0px;margin-bottom:0px;\"><div class=\"fusion-column-wrapper fusion-flex-column-wrapper-legacy\" style=\"background-position:left top;background-repeat:no-repeat;-webkit-background-size:cover;-moz-background-size:cover;-o-background-size:cover;background-size:cover;background-color:#7eab52;padding: 0px 0px 0px 0px;\"><span class=\" fusion-imageframe imageframe-none imageframe-1 hover-type-none head-img\" style=\"width:100%;max-width:100%;\"><a href=\"https:\/\/www.constructivealps.net\/wp-content\/uploads\/2022\/04\/1klein_LP_003_Kapelle_SW_high_\u00a9Albrecht-Schnabel.jpg\" class=\"fusion-lightbox\" data-rel=\"iLightbox[e6af87da55aed1e9b3e]\" data-caption=\"Auferstehungskapelle \u00a9 Albrecht Schnabel\" data-title=\"Auferstehungskapelle \u00a9 Albrecht Schnabel\" title=\"Auferstehungskapelle \u00a9 Albrecht Schnabel\"><img width=\"2000\" height=\"914\" alt=\"Auferstehungskapelle \u00a9 Albrecht Schnabel\" src=\"https:\/\/www.constructivealps.net\/wp-content\/uploads\/2022\/04\/1klein_LP_003_Kapelle_SW_high_\u00a9Albrecht-Schnabel.jpg\" class=\"img-responsive wp-image-9458\" srcset=\"https:\/\/www.constructivealps.net\/wp-content\/uploads\/2022\/04\/1klein_LP_003_Kapelle_SW_high_\u00a9Albrecht-Schnabel-200x91.jpg 200w, https:\/\/www.constructivealps.net\/wp-content\/uploads\/2022\/04\/1klein_LP_003_Kapelle_SW_high_\u00a9Albrecht-Schnabel-400x183.jpg 400w, https:\/\/www.constructivealps.net\/wp-content\/uploads\/2022\/04\/1klein_LP_003_Kapelle_SW_high_\u00a9Albrecht-Schnabel-600x274.jpg 600w, https:\/\/www.constructivealps.net\/wp-content\/uploads\/2022\/04\/1klein_LP_003_Kapelle_SW_high_\u00a9Albrecht-Schnabel-800x366.jpg 800w, https:\/\/www.constructivealps.net\/wp-content\/uploads\/2022\/04\/1klein_LP_003_Kapelle_SW_high_\u00a9Albrecht-Schnabel-1200x548.jpg 1200w, https:\/\/www.constructivealps.net\/wp-content\/uploads\/2022\/04\/1klein_LP_003_Kapelle_SW_high_\u00a9Albrecht-Schnabel.jpg 2000w\" sizes=\"(max-width: 1125px) 100vw, 2000px\" \/><\/a><\/span><div class=\"fusion-clearfix\"><\/div><\/div><\/div><div class=\"fusion-layout-column fusion_builder_column fusion-builder-column-1 fusion_builder_column_1_3 1_3 fusion-one-third fusion-column-last rating-box fusion-column-no-min-height\" style=\"width:33.333333333333%;width:calc(33.333333333333% - ( ( 0 ) * 0.33333333333333 ) );margin-top:0px;margin-bottom:0px;\"><div class=\"fusion-column-wrapper fusion-flex-column-wrapper-legacy\" style=\"background-position:left top;background-repeat:no-repeat;-webkit-background-size:cover;-moz-background-size:cover;-o-background-size:cover;background-size:cover;background-color:#7eab52;padding: 2vh 0px 2vh 0px;\"><div class=\"fusion-column-content-centered\"><div class=\"fusion-column-content\"><div class=\"imageframe-align-center\"><span class=\" fusion-imageframe imageframe-none imageframe-2 hover-type-none\"><img width=\"190\" height=\"210\" title=\"Button_Nominee\" src=\"https:\/\/www.constructivealps.net\/wp-content\/uploads\/2021\/07\/Button_Nominee.png\" class=\"img-responsive wp-image-8205\"\/><\/span><\/div><\/div><\/div><div class=\"fusion-clearfix\"><\/div><\/div><\/div><\/div><\/div><div class=\"fusion-fullwidth fullwidth-box fusion-builder-row-2 nonhundred-percent-fullwidth non-hundred-percent-height-scrolling\" style=\"background-color: rgba(255,255,255,0.9);background-position: center center;background-repeat: no-repeat;padding-top:0px;padding-right:0px;padding-bottom:0px;padding-left:0px;margin-bottom: 0px;margin-top: 0px;border-width: 0px 0px 0px 0px;border-color:#eae9e9;border-style:solid;\" ><div class=\"fusion-builder-row fusion-row\"><div class=\"fusion-layout-column fusion_builder_column fusion-builder-column-2 fusion_builder_column_1_1 1_1 fusion-one-full fusion-column-first fusion-column-last\" style=\"margin-top:0px;margin-bottom:0px;\"><div class=\"fusion-column-wrapper fusion-flex-column-wrapper-legacy\" style=\"background-position:left top;background-repeat:no-repeat;-webkit-background-size:cover;-moz-background-size:cover;-o-background-size:cover;background-size:cover;padding: 3vh 3% 0px 3%;\"><style type=\"text\/css\">@media only screen and (max-width:800px) {.fusion-title.fusion-title-1{margin-top:0px!important;margin-bottom:0px!important;}}<\/style><div class=\"fusion-title title fusion-title-1 fusion-sep-none fusion-title-text fusion-title-size-two\" style=\"margin-top:0px;margin-right:0px;margin-bottom:0px;margin-left:0px;\"><h2 class=\"title-heading-left\" style=\"margin:0;\">Chapelle de la R\u00e9surrection<\/h2><\/div><div class=\"fusion-clearfix\"><\/div><\/div><\/div><\/div><\/div><div class=\"fusion-fullwidth fullwidth-box fusion-builder-row-3 nonhundred-percent-fullwidth non-hundred-percent-height-scrolling\" style=\"background-color: rgba(255,255,255,0.9);background-position: center center;background-repeat: no-repeat;padding-top:0px;padding-right:0px;padding-bottom:0px;padding-left:0px;margin-bottom: 0px;margin-top: 0px;border-width: 0px 0px 0px 0px;border-color:#eae9e9;border-style:solid;\" ><\/div><div class=\"fusion-fullwidth fullwidth-box fusion-builder-row-4 project-content hundred-percent-fullwidth non-hundred-percent-height-scrolling fusion-equal-height-columns\" style=\"background-color: rgba(255,255,255,0.9);background-position: center center;background-repeat: no-repeat;background-blend-mode: overlay;padding-top:0px;padding-right:0px;padding-bottom:0px;padding-left:0px;margin-bottom: 0px;border-width: 0px 0px 0px 0px;border-color:#eae9e9;border-style:solid;\" ><div class=\"fusion-builder-row fusion-row\"><div class=\"fusion-layout-column fusion_builder_column fusion-builder-column-3 fusion_builder_column_1_2 1_2 fusion-one-half fusion-column-first\" style=\"width:50%;width:calc(50% - ( ( 0 ) * 0.5 ) );margin-right: 0px;margin-top:0px;margin-bottom:20px;\"><div class=\"fusion-column-wrapper fusion-flex-column-wrapper-legacy\" style=\"background-position:left top;background-repeat:no-repeat;-webkit-background-size:cover;-moz-background-size:cover;-o-background-size:cover;background-size:cover;padding: 3vh 6% 3% 6%;\"><div class=\"fusion-column-content-centered\"><div class=\"fusion-column-content\"><style type=\"text\/css\"><\/style><div class=\"fusion-title title fusion-title-2 fusion-sep-none fusion-title-text fusion-title-size-four\" style=\"margin-top:0px;margin-right:0px;margin-bottom:31px;margin-left:0px;\"><h4 class=\"title-heading-left\" style=\"margin:0;\">Stra\u00df im Attergau \/ AT<\/h4><\/div>\n<div class=\"table-1\">\n<table width=\"100%\">\n<tbody>\n<tr>\n<td align=\"left\"><strong>Pr\u00e9s\u00e9lectionn\u00e9s:<\/strong><\/td>\n<td align=\"left\"> 2022<\/td>\n<\/tr>\n<tr>\n<td align=\"left\"><strong>Propri\u00e9taire du b\u00e2timent :<\/strong><\/td>\n<td align=\"left\">Kapellenverein Stra\u00df<\/td>\n<\/tr>\n<tr>\n<td align=\"left\"><strong>Architecture :<\/strong><\/td>\n<td align=\"left\">LP architektur ZT GmbH<\/td>\n<\/tr>\n<tr>\n<td align=\"left\"><strong>Statique :<\/strong><\/td>\n<td align=\"left\">TRAGWERKSPARTNER ZT GmbH<\/td>\n<\/tr>\n<tr>\n<td align=\"left\"><strong>Co\u00fbts de construction :<\/strong><\/td>\n<td align=\"left\">\u20ac 220.000<\/td>\n<\/tr>\n<tr>\n<td align=\"left\"><strong>Chiffres sur l&rsquo;\u00e9n\u00e9rgie :<\/strong><\/td>\n<td align=\"left\"> kWh \/ m\u00b2a<\/td>\n<\/tr>\n<tr>\n<td align=\"left\"><strong>Ann\u00e9e de construction :<\/strong><\/td>\n<td align=\"left\">2020<\/td>\n<\/tr>\n<tr>\n<td align=\"left\"><strong>Type de construction :<\/strong><\/td>\n<td align=\"left\">B\u00e2timent neuf<\/td>\n<\/tr>\n<tr>\n<td align=\"left\"><strong>Fonction du b\u00e2timent :<\/strong><\/td>\n<td align=\"left\">Usage collectif<\/td>\n<\/tr>\n<\/tbody>\n<\/table>\n<\/div>\n<div class=\"fusion-text fusion-text-1 info-feld\"><pre><code>Tabellen Elemente die nicht gebraucht werden in Table (oben^^) in der Text Ansicht von und mit &lt;tr&gt; bis und mit &lt;\/tr&gt; l\u00f6schen oder auskommentieren &lt;!-- *&lt;tr&gt;...&lt;\/tr&gt;* --&gt;<\/code><\/pre>\n<\/div><div class=\"fusion-text fusion-text-2 info-feld\"><pre><code>Tabelle wird durch Projekt Info Felder generiert ---&gt;<\/code><\/pre>\n<\/div><\/div><\/div><div class=\"fusion-clearfix\"><\/div><\/div><\/div><div class=\"fusion-layout-column fusion_builder_column fusion-builder-column-4 fusion_builder_column_1_2 1_2 fusion-one-half fusion-column-last\" style=\"width:50%;width:calc(50% - ( ( 0 ) * 0.5 ) );margin-top:0px;margin-bottom:20px;\"><div class=\"fusion-column-wrapper fusion-flex-column-wrapper-legacy\" style=\"background-position:left top;background-repeat:no-repeat;-webkit-background-size:cover;-moz-background-size:cover;-o-background-size:cover;background-size:cover;padding: 6% 6% 3% 6%;\"><div class=\"fusion-column-content-centered\"><div class=\"fusion-column-content\"><div class=\"fusion-image-carousel fusion-image-carousel-auto lightbox-enabled fusion-carousel-border wp-caption\"><div class=\"fusion-carousel\" data-autoplay=\"yes\" data-columns=\"1\" data-itemmargin=\"0\" data-itemwidth=\"180\" data-touchscroll=\"no\" data-imagesize=\"auto\"><div class=\"fusion-carousel-positioner\"><ul class=\"fusion-carousel-holder\"><li class=\"fusion-carousel-item\"><div class=\"fusion-carousel-item-wrapper\"><div class=\"fusion-image-wrapper hover-type-zoomin\"><a data-rel=\"iLightbox[image_carousel_1]\" data-caption=\"Auferstehungskapelle \u00a9 Albrecht Schnabel\" data-title=\"Auferstehungskapelle \u00a9 Albrecht Schnabel\" aria-label=\"Auferstehungskapelle \u00a9 Albrecht Schnabel\" href=\"https:\/\/www.constructivealps.net\/wp-content\/uploads\/2022\/04\/1klein_LP_003_Kapelle_SW_high_\u00a9Albrecht-Schnabel.jpg\" target=\"_self\"><img width=\"2000\" height=\"914\" src=\"https:\/\/www.constructivealps.net\/wp-content\/uploads\/2022\/04\/1klein_LP_003_Kapelle_SW_high_\u00a9Albrecht-Schnabel.jpg\" class=\"attachment-full size-full\" alt=\"Auferstehungskapelle \u00a9 Albrecht Schnabel\" srcset=\"https:\/\/www.constructivealps.net\/wp-content\/uploads\/2022\/04\/1klein_LP_003_Kapelle_SW_high_\u00a9Albrecht-Schnabel-200x91.jpg 200w, https:\/\/www.constructivealps.net\/wp-content\/uploads\/2022\/04\/1klein_LP_003_Kapelle_SW_high_\u00a9Albrecht-Schnabel-300x137.jpg 300w, https:\/\/www.constructivealps.net\/wp-content\/uploads\/2022\/04\/1klein_LP_003_Kapelle_SW_high_\u00a9Albrecht-Schnabel-400x183.jpg 400w, https:\/\/www.constructivealps.net\/wp-content\/uploads\/2022\/04\/1klein_LP_003_Kapelle_SW_high_\u00a9Albrecht-Schnabel-600x274.jpg 600w, https:\/\/www.constructivealps.net\/wp-content\/uploads\/2022\/04\/1klein_LP_003_Kapelle_SW_high_\u00a9Albrecht-Schnabel-768x351.jpg 768w, https:\/\/www.constructivealps.net\/wp-content\/uploads\/2022\/04\/1klein_LP_003_Kapelle_SW_high_\u00a9Albrecht-Schnabel-800x366.jpg 800w, https:\/\/www.constructivealps.net\/wp-content\/uploads\/2022\/04\/1klein_LP_003_Kapelle_SW_high_\u00a9Albrecht-Schnabel-1024x468.jpg 1024w, https:\/\/www.constructivealps.net\/wp-content\/uploads\/2022\/04\/1klein_LP_003_Kapelle_SW_high_\u00a9Albrecht-Schnabel-1200x548.jpg 1200w, https:\/\/www.constructivealps.net\/wp-content\/uploads\/2022\/04\/1klein_LP_003_Kapelle_SW_high_\u00a9Albrecht-Schnabel-1536x702.jpg 1536w, https:\/\/www.constructivealps.net\/wp-content\/uploads\/2022\/04\/1klein_LP_003_Kapelle_SW_high_\u00a9Albrecht-Schnabel.jpg 2000w\" sizes=\"(max-width: 2000px) 100vw, 2000px\" \/><\/a><\/div><\/div><\/li><li class=\"fusion-carousel-item\"><div class=\"fusion-carousel-item-wrapper\"><div class=\"fusion-image-wrapper hover-type-zoomin\"><a data-rel=\"iLightbox[image_carousel_1]\" data-caption=\"Auferstehungskapelle \u00a9 Albrecht Schnabel\" data-title=\"Auferstehungskapelle \u00a9 Albrecht Schnabel\" aria-label=\"Auferstehungskapelle \u00a9 Albrecht Schnabel\" href=\"https:\/\/www.constructivealps.net\/wp-content\/uploads\/2022\/04\/2klein_LP_032_Kapelle_SW_High_\u00a9Albrecht-Schnabel.jpg\" target=\"_self\"><img width=\"1480\" height=\"2000\" src=\"https:\/\/www.constructivealps.net\/wp-content\/uploads\/2022\/04\/2klein_LP_032_Kapelle_SW_High_\u00a9Albrecht-Schnabel.jpg\" class=\"attachment-full size-full\" alt=\"Auferstehungskapelle \u00a9 Albrecht Schnabel\" srcset=\"https:\/\/www.constructivealps.net\/wp-content\/uploads\/2022\/04\/2klein_LP_032_Kapelle_SW_High_\u00a9Albrecht-Schnabel-200x270.jpg 200w, https:\/\/www.constructivealps.net\/wp-content\/uploads\/2022\/04\/2klein_LP_032_Kapelle_SW_High_\u00a9Albrecht-Schnabel-222x300.jpg 222w, https:\/\/www.constructivealps.net\/wp-content\/uploads\/2022\/04\/2klein_LP_032_Kapelle_SW_High_\u00a9Albrecht-Schnabel-400x541.jpg 400w, https:\/\/www.constructivealps.net\/wp-content\/uploads\/2022\/04\/2klein_LP_032_Kapelle_SW_High_\u00a9Albrecht-Schnabel-600x811.jpg 600w, https:\/\/www.constructivealps.net\/wp-content\/uploads\/2022\/04\/2klein_LP_032_Kapelle_SW_High_\u00a9Albrecht-Schnabel-758x1024.jpg 758w, https:\/\/www.constructivealps.net\/wp-content\/uploads\/2022\/04\/2klein_LP_032_Kapelle_SW_High_\u00a9Albrecht-Schnabel-768x1038.jpg 768w, https:\/\/www.constructivealps.net\/wp-content\/uploads\/2022\/04\/2klein_LP_032_Kapelle_SW_High_\u00a9Albrecht-Schnabel-800x1081.jpg 800w, https:\/\/www.constructivealps.net\/wp-content\/uploads\/2022\/04\/2klein_LP_032_Kapelle_SW_High_\u00a9Albrecht-Schnabel-1137x1536.jpg 1137w, https:\/\/www.constructivealps.net\/wp-content\/uploads\/2022\/04\/2klein_LP_032_Kapelle_SW_High_\u00a9Albrecht-Schnabel-1200x1622.jpg 1200w, https:\/\/www.constructivealps.net\/wp-content\/uploads\/2022\/04\/2klein_LP_032_Kapelle_SW_High_\u00a9Albrecht-Schnabel.jpg 1480w\" sizes=\"(max-width: 1480px) 100vw, 1480px\" \/><\/a><\/div><\/div><\/li><li class=\"fusion-carousel-item\"><div class=\"fusion-carousel-item-wrapper\"><div class=\"fusion-image-wrapper hover-type-zoomin\"><a data-rel=\"iLightbox[image_carousel_1]\" data-caption=\"Auferstehungskapelle \u00a9 Albrecht Schnabel\" data-title=\"Auferstehungskapelle \u00a9 Albrecht Schnabel\" aria-label=\"Auferstehungskapelle \u00a9 Albrecht Schnabel\" href=\"https:\/\/www.constructivealps.net\/wp-content\/uploads\/2022\/04\/3klein_LP_023_Kapelle_SW_High_\u00a9Albrecht-Schnabel.jpg\" target=\"_self\"><img width=\"2000\" height=\"1334\" src=\"https:\/\/www.constructivealps.net\/wp-content\/uploads\/2022\/04\/3klein_LP_023_Kapelle_SW_High_\u00a9Albrecht-Schnabel.jpg\" class=\"attachment-full size-full\" alt=\"Auferstehungskapelle \u00a9 Albrecht Schnabel\" srcset=\"https:\/\/www.constructivealps.net\/wp-content\/uploads\/2022\/04\/3klein_LP_023_Kapelle_SW_High_\u00a9Albrecht-Schnabel-200x133.jpg 200w, https:\/\/www.constructivealps.net\/wp-content\/uploads\/2022\/04\/3klein_LP_023_Kapelle_SW_High_\u00a9Albrecht-Schnabel-300x200.jpg 300w, https:\/\/www.constructivealps.net\/wp-content\/uploads\/2022\/04\/3klein_LP_023_Kapelle_SW_High_\u00a9Albrecht-Schnabel-400x267.jpg 400w, https:\/\/www.constructivealps.net\/wp-content\/uploads\/2022\/04\/3klein_LP_023_Kapelle_SW_High_\u00a9Albrecht-Schnabel-600x400.jpg 600w, https:\/\/www.constructivealps.net\/wp-content\/uploads\/2022\/04\/3klein_LP_023_Kapelle_SW_High_\u00a9Albrecht-Schnabel-768x512.jpg 768w, https:\/\/www.constructivealps.net\/wp-content\/uploads\/2022\/04\/3klein_LP_023_Kapelle_SW_High_\u00a9Albrecht-Schnabel-800x534.jpg 800w, https:\/\/www.constructivealps.net\/wp-content\/uploads\/2022\/04\/3klein_LP_023_Kapelle_SW_High_\u00a9Albrecht-Schnabel-1024x683.jpg 1024w, https:\/\/www.constructivealps.net\/wp-content\/uploads\/2022\/04\/3klein_LP_023_Kapelle_SW_High_\u00a9Albrecht-Schnabel-1200x800.jpg 1200w, https:\/\/www.constructivealps.net\/wp-content\/uploads\/2022\/04\/3klein_LP_023_Kapelle_SW_High_\u00a9Albrecht-Schnabel-1536x1025.jpg 1536w, https:\/\/www.constructivealps.net\/wp-content\/uploads\/2022\/04\/3klein_LP_023_Kapelle_SW_High_\u00a9Albrecht-Schnabel.jpg 2000w\" sizes=\"(max-width: 2000px) 100vw, 2000px\" \/><\/a><\/div><\/div><\/li><li class=\"fusion-carousel-item\"><div class=\"fusion-carousel-item-wrapper\"><div class=\"fusion-image-wrapper hover-type-zoomin\"><a data-rel=\"iLightbox[image_carousel_1]\" data-caption=\"Auferstehungskapelle \u00a9 Albrecht Schnabel\" data-title=\"Auferstehungskapelle \u00a9 Albrecht Schnabel\" aria-label=\"Auferstehungskapelle \u00a9 Albrecht Schnabel\" href=\"https:\/\/www.constructivealps.net\/wp-content\/uploads\/2022\/04\/4klein_LP_016_Kapelle_SW_High_\u00a9Albrecht-Schnabel.jpg\" target=\"_self\"><img width=\"2000\" height=\"1461\" src=\"https:\/\/www.constructivealps.net\/wp-content\/uploads\/2022\/04\/4klein_LP_016_Kapelle_SW_High_\u00a9Albrecht-Schnabel.jpg\" class=\"attachment-full size-full\" alt=\"Auferstehungskapelle \u00a9 Albrecht Schnabel\" srcset=\"https:\/\/www.constructivealps.net\/wp-content\/uploads\/2022\/04\/4klein_LP_016_Kapelle_SW_High_\u00a9Albrecht-Schnabel-200x146.jpg 200w, https:\/\/www.constructivealps.net\/wp-content\/uploads\/2022\/04\/4klein_LP_016_Kapelle_SW_High_\u00a9Albrecht-Schnabel-300x219.jpg 300w, https:\/\/www.constructivealps.net\/wp-content\/uploads\/2022\/04\/4klein_LP_016_Kapelle_SW_High_\u00a9Albrecht-Schnabel-400x292.jpg 400w, https:\/\/www.constructivealps.net\/wp-content\/uploads\/2022\/04\/4klein_LP_016_Kapelle_SW_High_\u00a9Albrecht-Schnabel-600x438.jpg 600w, https:\/\/www.constructivealps.net\/wp-content\/uploads\/2022\/04\/4klein_LP_016_Kapelle_SW_High_\u00a9Albrecht-Schnabel-768x561.jpg 768w, https:\/\/www.constructivealps.net\/wp-content\/uploads\/2022\/04\/4klein_LP_016_Kapelle_SW_High_\u00a9Albrecht-Schnabel-800x584.jpg 800w, https:\/\/www.constructivealps.net\/wp-content\/uploads\/2022\/04\/4klein_LP_016_Kapelle_SW_High_\u00a9Albrecht-Schnabel-1024x748.jpg 1024w, https:\/\/www.constructivealps.net\/wp-content\/uploads\/2022\/04\/4klein_LP_016_Kapelle_SW_High_\u00a9Albrecht-Schnabel-1200x877.jpg 1200w, https:\/\/www.constructivealps.net\/wp-content\/uploads\/2022\/04\/4klein_LP_016_Kapelle_SW_High_\u00a9Albrecht-Schnabel-1536x1122.jpg 1536w, https:\/\/www.constructivealps.net\/wp-content\/uploads\/2022\/04\/4klein_LP_016_Kapelle_SW_High_\u00a9Albrecht-Schnabel.jpg 2000w\" sizes=\"(max-width: 2000px) 100vw, 2000px\" \/><\/a><\/div><\/div><\/li><li class=\"fusion-carousel-item\"><div class=\"fusion-carousel-item-wrapper\"><div class=\"fusion-image-wrapper hover-type-zoomin\"><a data-rel=\"iLightbox[image_carousel_1]\" data-caption=\"Auferstehungskapelle \u00a9 Albrecht Schnabel\" data-title=\"Auferstehungskapelle \u00a9 Albrecht Schnabel\" aria-label=\"Auferstehungskapelle \u00a9 Albrecht Schnabel\" href=\"https:\/\/www.constructivealps.net\/wp-content\/uploads\/2022\/04\/5klein_LP_034_Kapelle_SW_High_\u00a9Albrecht-Schnabel.gif\" target=\"_self\"><img width=\"2000\" height=\"1333\" src=\"https:\/\/www.constructivealps.net\/wp-content\/uploads\/2022\/04\/5klein_LP_034_Kapelle_SW_High_\u00a9Albrecht-Schnabel.gif\" class=\"attachment-full size-full\" alt=\"Auferstehungskapelle \u00a9 Albrecht Schnabel\" \/><\/a><\/div><\/div><\/li><\/ul><div class=\"fusion-carousel-nav\"><span class=\"fusion-nav-prev\"><\/span><span class=\"fusion-nav-next\"><\/span><\/div><\/div><\/div><\/div><\/div><\/div><div class=\"fusion-clearfix\"><\/div><\/div><\/div><\/div><\/div><div class=\"fusion-fullwidth fullwidth-box fusion-builder-row-5 project-content hundred-percent-fullwidth non-hundred-percent-height-scrolling fusion-equal-height-columns\" style=\"background-color: rgba(255,255,255,0.9);background-position: center center;background-repeat: no-repeat;background-blend-mode: overlay;padding-top:0px;padding-right:0px;padding-bottom:0px;padding-left:0px;border-width: 0px 0px 0px 0px;border-color:#eae9e9;border-style:solid;\" ><div class=\"fusion-builder-row fusion-row\"><div class=\"fusion-layout-column fusion_builder_column fusion-builder-column-5 fusion_builder_column_1_1 1_1 fusion-one-full fusion-column-first fusion-column-last\" style=\"margin-top:0px;margin-bottom:20px;\"><div class=\"fusion-column-wrapper fusion-flex-column-wrapper-legacy\" style=\"background-position:left top;background-repeat:no-repeat;-webkit-background-size:cover;-moz-background-size:cover;-o-background-size:cover;background-size:cover;padding: 1% 6% 6% 6%;\"><div class=\"fusion-text fusion-text-3\"><h3 style=\"text-align: center;\">En quoi ce projet est-il particulier ?<\/h3>\n<p style=\"text-align: center;\">La chapelle a vu le jour gr\u00e2ce \u00e0 l&rsquo;engagement exceptionnel d&rsquo;une association de chapelle compos\u00e9e de douze personnes (six familles) et de soutiens priv\u00e9s, qui ont entam\u00e9 avec l&rsquo;architecte Tom Lechner un voyage pour un projet de construction raffin\u00e9, refl\u00e9tant la sensibilit\u00e9 et l&rsquo;affection pour ce qui a \u00e9t\u00e9 cr\u00e9\u00e9 ensemble. Il va sans dire que les membres de l&rsquo;association de la chapelle ont mis la main \u00e0 la p\u00e2te sur le chantier. Le fait que leur chapelle attire d\u00e9sormais de nombreuses personnes des environs est la r\u00e9compense de cet engagement.<\/p>\n<\/div><div class=\"fusion-clearfix\"><\/div><\/div><\/div><\/div><\/div><\/p>\n","protected":false},"excerpt":{"rendered":"","protected":false},"author":1,"featured_media":9458,"comment_status":"closed","ping_status":"closed","sticky":false,"template":"","format":"standard","meta":[],"categories":[119,68],"tags":[],"yoast_head":"<!-- This site is optimized with the Yoast SEO plugin v16.1.1 - https:\/\/yoast.com\/wordpress\/plugins\/seo\/ -->\n<title>Chapelle de la R\u00e9surrection | Constructive Alps<\/title>\n<meta name=\"description\" content=\"projet 2022\" \/>\n<link rel=\"canonical\" href=\"https:\/\/www.constructivealps.net\/fr\/chapelle-de-la-resurrection\/\" \/>\n<meta property=\"og:locale\" content=\"fr_FR\" \/>\n<meta property=\"og:type\" content=\"article\" \/>\n<meta property=\"og:title\" content=\"Chapelle de la R\u00e9surrection | Constructive Alps\" \/>\n<meta property=\"og:description\" content=\"projet 2022\" \/>\n<meta property=\"og:url\" content=\"https:\/\/www.constructivealps.net\/fr\/chapelle-de-la-resurrection\/\" \/>\n<meta property=\"og:site_name\" content=\"Constructive Alps\" \/>\n<meta property=\"article:publisher\" content=\"https:\/\/web.facebook.com\/ConstructiveAlps\/\" \/>\n<meta property=\"article:published_time\" content=\"2022-04-08T12:21:01+00:00\" \/>\n<meta property=\"article:modified_time\" content=\"2022-07-11T12:13:51+00:00\" \/>\n<meta property=\"og:image\" content=\"https:\/\/www.constructivealps.net\/wp-content\/uploads\/2022\/04\/1klein_LP_003_Kapelle_SW_high_\u00a9Albrecht-Schnabel.jpg\" \/>\n\t<meta property=\"og:image:width\" content=\"2000\" \/>\n\t<meta property=\"og:image:height\" content=\"914\" \/>\n<meta name=\"twitter:card\" content=\"summary_large_image\" \/>\n<meta name=\"twitter:label1\" content=\"Dur\u00e9e de lecture est.\">\n\t<meta name=\"twitter:data1\" content=\"13 minutes\">\n<script type=\"application\/ld+json\" class=\"yoast-schema-graph\">{\"@context\":\"https:\/\/schema.org\",\"@graph\":[{\"@type\":\"Organization\",\"@id\":\"https:\/\/www.constructivealps.net\/#organization\",\"name\":\"Constructive Alps\",\"url\":\"https:\/\/www.constructivealps.net\/\",\"sameAs\":[\"https:\/\/web.facebook.com\/ConstructiveAlps\/\",\"https:\/\/instagram.com\/constructivealps\/\",\"https:\/\/www.pinterest.de\/ConstructiveA\/\"],\"logo\":{\"@type\":\"ImageObject\",\"@id\":\"https:\/\/www.constructivealps.net\/#logo\",\"inLanguage\":\"fr-FR\",\"url\":null,\"contentUrl\":null,\"width\":null,\"height\":null,\"caption\":\"Constructive Alps\"},\"image\":{\"@id\":\"https:\/\/www.constructivealps.net\/#logo\"}},{\"@type\":\"WebSite\",\"@id\":\"https:\/\/www.constructivealps.net\/#website\",\"url\":\"https:\/\/www.constructivealps.net\/\",\"name\":\"Constructive Alps\",\"description\":\"Internationaler Preis f\\u00fcr nachhaltiges Sanieren und Bauen in den Alpen\",\"publisher\":{\"@id\":\"https:\/\/www.constructivealps.net\/#organization\"},\"potentialAction\":[{\"@type\":\"SearchAction\",\"target\":\"https:\/\/www.constructivealps.net\/?s={search_term_string}\",\"query-input\":\"required name=search_term_string\"}],\"inLanguage\":\"fr-FR\"},{\"@type\":\"ImageObject\",\"@id\":\"https:\/\/www.constructivealps.net\/fr\/chapelle-de-la-resurrection\/#primaryimage\",\"inLanguage\":\"fr-FR\",\"url\":\"https:\/\/www.constructivealps.net\/wp-content\/uploads\/2022\/04\/1klein_LP_003_Kapelle_SW_high_\\u00a9Albrecht-Schnabel.jpg\",\"contentUrl\":\"https:\/\/www.constructivealps.net\/wp-content\/uploads\/2022\/04\/1klein_LP_003_Kapelle_SW_high_\\u00a9Albrecht-Schnabel.jpg\",\"width\":2000,\"height\":914,\"caption\":\"Auferstehungskapelle \\u00a9 Albrecht Schnabel\"},{\"@type\":\"WebPage\",\"@id\":\"https:\/\/www.constructivealps.net\/fr\/chapelle-de-la-resurrection\/#webpage\",\"url\":\"https:\/\/www.constructivealps.net\/fr\/chapelle-de-la-resurrection\/\",\"name\":\"Chapelle de la R\\u00e9surrection | Constructive Alps\",\"isPartOf\":{\"@id\":\"https:\/\/www.constructivealps.net\/#website\"},\"primaryImageOfPage\":{\"@id\":\"https:\/\/www.constructivealps.net\/fr\/chapelle-de-la-resurrection\/#primaryimage\"},\"datePublished\":\"2022-04-08T12:21:01+00:00\",\"dateModified\":\"2022-07-11T12:13:51+00:00\",\"description\":\"projet 2022\",\"breadcrumb\":{\"@id\":\"https:\/\/www.constructivealps.net\/fr\/chapelle-de-la-resurrection\/#breadcrumb\"},\"inLanguage\":\"fr-FR\",\"potentialAction\":[{\"@type\":\"ReadAction\",\"target\":[\"https:\/\/www.constructivealps.net\/fr\/chapelle-de-la-resurrection\/\"]}]},{\"@type\":\"BreadcrumbList\",\"@id\":\"https:\/\/www.constructivealps.net\/fr\/chapelle-de-la-resurrection\/#breadcrumb\",\"itemListElement\":[{\"@type\":\"ListItem\",\"position\":1,\"item\":{\"@type\":\"WebPage\",\"@id\":\"https:\/\/www.constructivealps.net\/fr\/\",\"url\":\"https:\/\/www.constructivealps.net\/fr\/\",\"name\":\"Startseite\"}},{\"@type\":\"ListItem\",\"position\":2,\"item\":{\"@type\":\"WebPage\",\"@id\":\"https:\/\/www.constructivealps.net\/fr\/chapelle-de-la-resurrection\/\",\"url\":\"https:\/\/www.constructivealps.net\/fr\/chapelle-de-la-resurrection\/\",\"name\":\"Chapelle de la R\\u00e9surrection\"}}]},{\"@type\":\"Article\",\"@id\":\"https:\/\/www.constructivealps.net\/fr\/chapelle-de-la-resurrection\/#article\",\"isPartOf\":{\"@id\":\"https:\/\/www.constructivealps.net\/fr\/chapelle-de-la-resurrection\/#webpage\"},\"author\":{\"@id\":\"https:\/\/www.constructivealps.net\/#\/schema\/person\/deeeb9e6cb2b95462f03af1f6988e03e\"},\"headline\":\"Chapelle de la R\\u00e9surrection\",\"datePublished\":\"2022-04-08T12:21:01+00:00\",\"dateModified\":\"2022-07-11T12:13:51+00:00\",\"mainEntityOfPage\":{\"@id\":\"https:\/\/www.constructivealps.net\/fr\/chapelle-de-la-resurrection\/#webpage\"},\"publisher\":{\"@id\":\"https:\/\/www.constructivealps.net\/#organization\"},\"image\":{\"@id\":\"https:\/\/www.constructivealps.net\/fr\/chapelle-de-la-resurrection\/#primaryimage\"},\"articleSection\":\"Projet 2022,Projets\",\"inLanguage\":\"fr-FR\"},{\"@type\":\"Person\",\"@id\":\"https:\/\/www.constructivealps.net\/#\/schema\/person\/deeeb9e6cb2b95462f03af1f6988e03e\",\"name\":\"constructive\",\"image\":{\"@type\":\"ImageObject\",\"@id\":\"https:\/\/www.constructivealps.net\/#personlogo\",\"inLanguage\":\"fr-FR\",\"url\":\"https:\/\/secure.gravatar.com\/avatar\/b46d7f376bcdae473d47cf3d39c62f46?s=96&d=mm&r=g\",\"contentUrl\":\"https:\/\/secure.gravatar.com\/avatar\/b46d7f376bcdae473d47cf3d39c62f46?s=96&d=mm&r=g\",\"caption\":\"constructive\"}}]}<\/script>\n<!-- \/ Yoast SEO plugin. -->","_links":{"self":[{"href":"https:\/\/www.constructivealps.net\/fr\/wp-json\/wp\/v2\/posts\/9624"}],"collection":[{"href":"https:\/\/www.constructivealps.net\/fr\/wp-json\/wp\/v2\/posts"}],"about":[{"href":"https:\/\/www.constructivealps.net\/fr\/wp-json\/wp\/v2\/types\/post"}],"author":[{"embeddable":true,"href":"https:\/\/www.constructivealps.net\/fr\/wp-json\/wp\/v2\/users\/1"}],"replies":[{"embeddable":true,"href":"https:\/\/www.constructivealps.net\/fr\/wp-json\/wp\/v2\/comments?post=9624"}],"version-history":[{"count":4,"href":"https:\/\/www.constructivealps.net\/fr\/wp-json\/wp\/v2\/posts\/9624\/revisions"}],"predecessor-version":[{"id":10865,"href":"https:\/\/www.constructivealps.net\/fr\/wp-json\/wp\/v2\/posts\/9624\/revisions\/10865"}],"wp:featuredmedia":[{"embeddable":true,"href":"https:\/\/www.constructivealps.net\/fr\/wp-json\/wp\/v2\/media\/9458"}],"wp:attachment":[{"href":"https:\/\/www.constructivealps.net\/fr\/wp-json\/wp\/v2\/media?parent=9624"}],"wp:term":[{"taxonomy":"category","embeddable":true,"href":"https:\/\/www.constructivealps.net\/fr\/wp-json\/wp\/v2\/categories?post=9624"},{"taxonomy":"post_tag","embeddable":true,"href":"https:\/\/www.constructivealps.net\/fr\/wp-json\/wp\/v2\/tags?post=9624"}],"curies":[{"name":"wp","href":"https:\/\/api.w.org\/{rel}","templated":true}]}}